{"id":1003,"date":"2017-05-11T14:17:45","date_gmt":"2017-05-11T12:17:45","guid":{"rendered":"https:\/\/www.dentalespace.com\/patient\/?p=1003"},"modified":"2018-02-28T18:11:01","modified_gmt":"2018-02-28T17:11:01","slug":"24-traitement-radiculaire-htm","status":"publish","type":"post","link":"https:\/\/www.dentalespace.com\/patient\/24-traitement-radiculaire-htm\/","title":{"rendered":"Le traitement radiculaire"},"content":{"rendered":"<p>[et_pb_section bb_built=\u00a0\u00bb1&Prime; admin_label=\u00a0\u00bbsection\u00a0\u00bb][et_pb_row admin_label=\u00a0\u00bbrow\u00a0\u00bb][et_pb_column type=\u00a0\u00bb4_4&Prime;][et_pb_text admin_label=\u00a0\u00bbTexte\u00a0\u00bb background_layout=\u00a0\u00bblight\u00a0\u00bb text_orientation=\u00a0\u00bbleft\u00a0\u00bb use_border_color=\u00a0\u00bboff\u00a0\u00bb border_color=\u00a0\u00bb#ffffff\u00a0\u00bb border_style=\u00a0\u00bbsolid\u00a0\u00bb]<\/p>\n<p>&nbsp;<\/p>\n<table border=\"0\" width=\"100%\" cellspacing=\"0\" cellpadding=\"0\">\n<tbody>\n<tr>\n<td class=\"arial11noir\" valign=\"middle\"><\/td>\n<\/tr>\n<tr>\n<td class=\"arial12gris\" valign=\"top\"><strong>Le nerf de la dent est atteint, il faut l\u2019enlever (le nerf, pas la dent !). C\u2019est le Traitement Radiculaire. <\/strong><\/td>\n<\/tr>\n<\/tbody>\n<\/table>\n<p>[\/et_pb_text][et_pb_text admin_label=\u00a0\u00bbImage\u00a0\u00bb background_layout=\u00a0\u00bblight\u00a0\u00bb text_orientation=\u00a0\u00bbleft\u00a0\u00bb use_border_color=\u00a0\u00bboff\u00a0\u00bb border_color=\u00a0\u00bb#ffffff\u00a0\u00bb border_style=\u00a0\u00bbsolid\u00a0\u00bb]<\/p>\n<div id=\"attachment_1006\" style=\"width: 119px\" class=\"wp-caption aligncenter\"><img loading=\"lazy\" decoding=\"async\" aria-describedby=\"caption-attachment-1006\" class=\" wp-image-1006\" src=\"https:\/\/www.dentalespace.com\/patient\/wp-content\/uploads\/2017\/05\/24-1-93x300.jpg\" alt=\"\" width=\"109\" height=\"352\" \/><p id=\"caption-attachment-1006\" class=\"wp-caption-text\">La carie \u00e0 atteint la pulpe. Un foyer infectieux peut appara\u00eetre au bout de la racine<\/p><\/div>\n<p>[\/et_pb_text][et_pb_text admin_label=\u00a0\u00bbTexte\u00a0\u00bb background_layout=\u00a0\u00bblight\u00a0\u00bb text_orientation=\u00a0\u00bbleft\u00a0\u00bb use_border_color=\u00a0\u00bboff\u00a0\u00bb border_color=\u00a0\u00bb#ffffff\u00a0\u00bb border_style=\u00a0\u00bbsolid\u00a0\u00bb]<\/p>\n<p>Le terme \u00ab\u00a0<strong>d\u00e9vitaliser<\/strong>\u00a0\u00bb est utilis\u00e9 en pratique courante par le dentiste pour se faire comprendre de son patient. Le terme professionnel est \u00ab\u00a0<strong>d\u00e9pulper<\/strong>\u00ab\u00a0, ce qui signifie que la partie centrale de la dent qui contient un filet nerveux et de tr\u00e8s fins vaisseaux sanguins, est retir\u00e9e.<\/p>\n<p>Tous les tissus infect\u00e9s ou atteints de l\u00e9sions inflammatoires seront donc retir\u00e9s ainsi que les bact\u00e9ries et tous les d\u00e9bris organiques pouvant se trouver dans ce canal.<\/p>\n<p>Le canal est <strong>\u00e9largi<\/strong>, <strong>d\u00e9sinfect\u00e9<\/strong> puis <strong>obtur\u00e9<\/strong> avec une p\u00e2te antiseptique qui durcira et donnera une \u00e9tanch\u00e9\u00eft\u00e9 \u00e0 ce canal afin de pr\u00e9venir toute r\u00e9-infiltration par des bact\u00e9ries. Si il y avait une\u00a0 l\u00e9sion infectieuse au bout de la dent (apex), celle-ci guerira.<br \/>\nLe traitement radiculaire peut provoquer pendant quelques jours des sensibilit\u00e9s lors de la mastications qui s&rsquo;estomperont spontan\u00e9ment.<\/p>\n<p>La dent est alors priv\u00e9e de sa sensibilit\u00e9 au froid, elle ne fait plus souffrir quand elle est atteinte de carie mais ne perd pas ses propri\u00e8t\u00e9s de perception \u00e0 la mastication, le <strong>ligament<\/strong> qui attache la dent \u00e0 l&rsquo;os est lui <strong>toujours vivant<\/strong>.<\/p>\n<p>M\u00eame d\u00e9pulp\u00e9e la dent peut continuer \u00e0 se carier davantage.<\/p>\n<p>[\/et_pb_text][\/et_pb_column][\/et_pb_row][et_pb_row admin_label=\u00a0\u00bbLigne\u00a0\u00bb][et_pb_column type=\u00a0\u00bb1_2&Prime;][et_pb_text admin_label=\u00a0\u00bbTexte\u00a0\u00bb background_layout=\u00a0\u00bblight\u00a0\u00bb text_orientation=\u00a0\u00bbleft\u00a0\u00bb use_border_color=\u00a0\u00bboff\u00a0\u00bb border_color=\u00a0\u00bb#ffffff\u00a0\u00bb border_style=\u00a0\u00bbsolid\u00a0\u00bb]<\/p>\n<div id=\"attachment_1005\" style=\"width: 214px\" class=\"wp-caption aligncenter\"><img loading=\"lazy\" decoding=\"async\" aria-describedby=\"caption-attachment-1005\" class=\" wp-image-1005\" src=\"https:\/\/www.dentalespace.com\/patient\/wp-content\/uploads\/2017\/05\/24-3.jpg\" alt=\"\" width=\"204\" height=\"168\" \/><p id=\"caption-attachment-1005\" class=\"wp-caption-text\">Avant : Le Traitement Radiculaire.<\/p><\/div>\n<p>[\/et_pb_text][\/et_pb_column][et_pb_column type=\u00a0\u00bb1_2&Prime;][et_pb_text admin_label=\u00a0\u00bbTexte\u00a0\u00bb background_layout=\u00a0\u00bblight\u00a0\u00bb text_orientation=\u00a0\u00bbleft\u00a0\u00bb use_border_color=\u00a0\u00bboff\u00a0\u00bb border_color=\u00a0\u00bb#ffffff\u00a0\u00bb border_style=\u00a0\u00bbsolid\u00a0\u00bb]<\/p>\n<div id=\"attachment_1004\" style=\"width: 284px\" class=\"wp-caption aligncenter\"><img loading=\"lazy\" decoding=\"async\" aria-describedby=\"caption-attachment-1004\" class=\" wp-image-1004\" src=\"https:\/\/www.dentalespace.com\/patient\/wp-content\/uploads\/2017\/05\/24-4.jpg\" alt=\"\" width=\"274\" height=\"175\" \/><p id=\"caption-attachment-1004\" class=\"wp-caption-text\">Apr\u00e8s : La p\u00e2te va jusqu\u2019au bout des canaux.<\/p><\/div>\n<p>[\/et_pb_text][\/et_pb_column][\/et_pb_row][et_pb_row admin_label=\u00a0\u00bbLigne\u00a0\u00bb][et_pb_column type=\u00a0\u00bb4_4&Prime;][et_pb_text admin_label=\u00a0\u00bbTexte + tableau\u00a0\u00bb background_layout=\u00a0\u00bblight\u00a0\u00bb text_orientation=\u00a0\u00bbleft\u00a0\u00bb use_border_color=\u00a0\u00bboff\u00a0\u00bb border_color=\u00a0\u00bb#ffffff\u00a0\u00bb border_style=\u00a0\u00bbsolid\u00a0\u00bb]<\/p>\n<p><strong>Le prix (TR) varie en fonction du nombre de canaux.<br \/>\n<\/strong><br \/>\nIl faut y ajouter les radios avant, pendant et apr\u00e8s le TR. <strong>La S\u00e9curit\u00e9 Sociale rembourse 70% du Tarif de Convention.<\/strong><\/p>\n\n<table id=\"tablepress-16\" class=\"tablepress tablepress-id-16\">\n<thead>\n<tr class=\"row-1\">\n\t<td class=\"column-1\"><\/td><th class=\"column-2\">Prix \u20ac<\/th><th class=\"column-3\">Tarif Convention \u20ac<\/th>\n<\/tr>\n<\/thead>\n<tbody class=\"row-striping row-hover\">\n<tr class=\"row-2\">\n\t<td class=\"column-1\"> Incisives et canines (1 canal)<br \/>\nsans radio<\/td><td class=\"column-2\">33,74<\/td><td class=\"column-3\">33,74<\/td>\n<\/tr>\n<tr class=\"row-3\">\n\t<td class=\"column-1\">Pr\u00e9molaires (2 canaux)<br \/>\nsans radio<\/td><td class=\"column-2\">48,20<\/td><td class=\"column-3\">48,20<\/td>\n<\/tr>\n<tr class=\"row-4\">\n\t<td class=\"column-1\">Molaires (3 canaux)<br \/>\nsans radio<\/td><td class=\"column-2\">81,94<\/td><td class=\"column-3\">81,94<\/td>\n<\/tr>\n<\/tbody>\n<\/table>\n<!-- #tablepress-16 from cache -->\n<p>&nbsp;<\/p>\n<p>Dans certains cas, pour des dents difficiles \u00e0 traiter, on peut faire appel \u00e0 d&rsquo;autres techniques qui <strong>justifient<\/strong> des honoraires pouvant aller de&#8230;. <strong>120 \u00e0\u00a0300 \u20ac par canal.<\/strong> <strong>&#8230;maintenant, votre dent fragile, risque de casser, il est indispensable de la <span style=\"color: #3366ff;\"><a class=\"arial12bleus\" style=\"color: #3366ff;\" href=\"https:\/\/www.dentalespace.com\/patient\/1-couronne-prothetique-htm\/\">couronner<\/a> <\/span>!<\/strong><\/p>\n<p>[\/et_pb_text][\/et_pb_column][\/et_pb_row][\/et_pb_section]<\/p>\n","protected":false},"excerpt":{"rendered":"<p>&nbsp; Le nerf de la dent est atteint, il faut l\u2019enlever (le nerf, pas la dent !). C\u2019est le Traitement Radiculaire. Le terme \u00ab\u00a0d\u00e9vitaliser\u00a0\u00bb est utilis\u00e9 en pratique courante par le dentiste pour se faire comprendre de son patient. Le terme professionnel est \u00ab\u00a0d\u00e9pulper\u00a0\u00bb, ce qui signifie que la partie centrale de la dent qui [&hellip;]<\/p>\n","protected":false},"author":1,"featured_media":1007,"comment_status":"open","ping_status":"closed","sticky":false,"template":"","format":"standard","meta":{"_bbp_topic_count":0,"_bbp_reply_count":0,"_bbp_total_topic_count":0,"_bbp_total_reply_count":0,"_bbp_voice_count":0,"_bbp_anonymous_reply_count":0,"_bbp_topic_count_hidden":0,"_bbp_reply_count_hidden":0,"_bbp_forum_subforum_count":0,"_et_pb_use_builder":"on","_et_pb_old_content":"","_et_gb_content_width":"","footnotes":""},"categories":[11,18],"tags":[],"class_list":["post-1003","post","type-post","status-publish","format-standard","has-post-thumbnail","hentry","category-traitement-radiculaire","category-soins-dentaires","et-doesnt-have-format-content","et_post_format-et-post-format-standard"],"yoast_head":"<!-- This site is optimized with the Yoast SEO plugin v27.5 - https:\/\/yoast.com\/product\/yoast-seo-wordpress\/ -->\n<title>Le traitement radiculaire - Dentalespace<\/title>\n<meta name=\"robots\" content=\"index, follow, max-snippet:-1, max-image-preview:large, max-video-preview:-1\" \/>\n<link rel=\"canonical\" href=\"https:\/\/www.dentalespace.com\/patient\/24-traitement-radiculaire-htm\/\" \/>\n<meta property=\"og:locale\" content=\"fr_FR\" \/>\n<meta property=\"og:type\" content=\"article\" \/>\n<meta property=\"og:title\" content=\"Le traitement radiculaire - Dentalespace\" \/>\n<meta property=\"og:url\" content=\"https:\/\/www.dentalespace.com\/patient\/24-traitement-radiculaire-htm\/\" \/>\n<meta property=\"og:site_name\" content=\"Dentalespace\" \/>\n<meta property=\"article:publisher\" content=\"https:\/\/www.facebook.com\/dentalespacepro\/\" \/>\n<meta property=\"article:published_time\" content=\"2017-05-11T12:17:45+00:00\" \/>\n<meta property=\"article:modified_time\" content=\"2018-02-28T17:11:01+00:00\" \/>\n<meta property=\"og:image\" content=\"https:\/\/www.dentalespace.com\/patient\/wp-content\/uploads\/2017\/05\/24_small-1.jpg\" \/>\n\t<meta property=\"og:image:width\" content=\"100\" \/>\n\t<meta property=\"og:image:height\" content=\"80\" \/>\n\t<meta property=\"og:image:type\" content=\"image\/jpeg\" \/>\n<meta name=\"author\" content=\"Dentalespace\" \/>\n<meta name=\"twitter:card\" content=\"summary_large_image\" \/>\n<meta name=\"twitter:label1\" content=\"\u00c9crit par\" \/>\n\t<meta name=\"twitter:data1\" content=\"Dentalespace\" \/>\n\t<meta name=\"twitter:label2\" content=\"Dur\u00e9e de lecture estim\u00e9e\" \/>\n\t<meta name=\"twitter:data2\" content=\"3 minutes\" \/>\n<script type=\"application\/ld+json\" class=\"yoast-schema-graph\">{\"@context\":\"https:\\\/\\\/schema.org\",\"@graph\":[{\"@type\":\"Article\",\"@id\":\"https:\\\/\\\/www.dentalespace.com\\\/patient\\\/24-traitement-radiculaire-htm\\\/#article\",\"isPartOf\":{\"@id\":\"https:\\\/\\\/www.dentalespace.com\\\/patient\\\/24-traitement-radiculaire-htm\\\/\"},\"author\":{\"name\":\"Dentalespace\",\"@id\":\"https:\\\/\\\/www.dentalespace.com\\\/patient\\\/#\\\/schema\\\/person\\\/938f3c232493ea8c60bfd61b86814b89\"},\"headline\":\"Le traitement radiculaire\",\"datePublished\":\"2017-05-11T12:17:45+00:00\",\"dateModified\":\"2018-02-28T17:11:01+00:00\",\"mainEntityOfPage\":{\"@id\":\"https:\\\/\\\/www.dentalespace.com\\\/patient\\\/24-traitement-radiculaire-htm\\\/\"},\"wordCount\":572,\"commentCount\":5,\"publisher\":{\"@id\":\"https:\\\/\\\/www.dentalespace.com\\\/patient\\\/#organization\"},\"image\":{\"@id\":\"https:\\\/\\\/www.dentalespace.com\\\/patient\\\/24-traitement-radiculaire-htm\\\/#primaryimage\"},\"thumbnailUrl\":\"https:\\\/\\\/www.dentalespace.com\\\/patient\\\/wp-content\\\/uploads\\\/2017\\\/05\\\/24_small-1.jpg\",\"articleSection\":[\"Le Traitement Radiculaire\",\"Soins Dentaires\"],\"inLanguage\":\"fr-FR\",\"potentialAction\":[{\"@type\":\"CommentAction\",\"name\":\"Comment\",\"target\":[\"https:\\\/\\\/www.dentalespace.com\\\/patient\\\/24-traitement-radiculaire-htm\\\/#respond\"]}]},{\"@type\":\"WebPage\",\"@id\":\"https:\\\/\\\/www.dentalespace.com\\\/patient\\\/24-traitement-radiculaire-htm\\\/\",\"url\":\"https:\\\/\\\/www.dentalespace.com\\\/patient\\\/24-traitement-radiculaire-htm\\\/\",\"name\":\"Le traitement radiculaire - Dentalespace\",\"isPartOf\":{\"@id\":\"https:\\\/\\\/www.dentalespace.com\\\/patient\\\/#website\"},\"primaryImageOfPage\":{\"@id\":\"https:\\\/\\\/www.dentalespace.com\\\/patient\\\/24-traitement-radiculaire-htm\\\/#primaryimage\"},\"image\":{\"@id\":\"https:\\\/\\\/www.dentalespace.com\\\/patient\\\/24-traitement-radiculaire-htm\\\/#primaryimage\"},\"thumbnailUrl\":\"https:\\\/\\\/www.dentalespace.com\\\/patient\\\/wp-content\\\/uploads\\\/2017\\\/05\\\/24_small-1.jpg\",\"datePublished\":\"2017-05-11T12:17:45+00:00\",\"dateModified\":\"2018-02-28T17:11:01+00:00\",\"inLanguage\":\"fr-FR\",\"potentialAction\":[{\"@type\":\"ReadAction\",\"target\":[\"https:\\\/\\\/www.dentalespace.com\\\/patient\\\/24-traitement-radiculaire-htm\\\/\"]}]},{\"@type\":\"ImageObject\",\"inLanguage\":\"fr-FR\",\"@id\":\"https:\\\/\\\/www.dentalespace.com\\\/patient\\\/24-traitement-radiculaire-htm\\\/#primaryimage\",\"url\":\"https:\\\/\\\/www.dentalespace.com\\\/patient\\\/wp-content\\\/uploads\\\/2017\\\/05\\\/24_small-1.jpg\",\"contentUrl\":\"https:\\\/\\\/www.dentalespace.com\\\/patient\\\/wp-content\\\/uploads\\\/2017\\\/05\\\/24_small-1.jpg\",\"width\":100,\"height\":80},{\"@type\":\"WebSite\",\"@id\":\"https:\\\/\\\/www.dentalespace.com\\\/patient\\\/#website\",\"url\":\"https:\\\/\\\/www.dentalespace.com\\\/patient\\\/\",\"name\":\"Dentalespace\",\"description\":\"Dentalespace Patient\",\"publisher\":{\"@id\":\"https:\\\/\\\/www.dentalespace.com\\\/patient\\\/#organization\"},\"potentialAction\":[{\"@type\":\"SearchAction\",\"target\":{\"@type\":\"EntryPoint\",\"urlTemplate\":\"https:\\\/\\\/www.dentalespace.com\\\/patient\\\/?s={search_term_string}\"},\"query-input\":{\"@type\":\"PropertyValueSpecification\",\"valueRequired\":true,\"valueName\":\"search_term_string\"}}],\"inLanguage\":\"fr-FR\"},{\"@type\":\"Organization\",\"@id\":\"https:\\\/\\\/www.dentalespace.com\\\/patient\\\/#organization\",\"name\":\"Dentalespace\",\"url\":\"https:\\\/\\\/www.dentalespace.com\\\/patient\\\/\",\"logo\":{\"@type\":\"ImageObject\",\"inLanguage\":\"fr-FR\",\"@id\":\"https:\\\/\\\/www.dentalespace.com\\\/patient\\\/#\\\/schema\\\/logo\\\/image\\\/\",\"url\":\"https:\\\/\\\/www.dentalespace.com\\\/patient\\\/wp-content\\\/uploads\\\/2017\\\/04\\\/sign_dentalespace-GP.png\",\"contentUrl\":\"https:\\\/\\\/www.dentalespace.com\\\/patient\\\/wp-content\\\/uploads\\\/2017\\\/04\\\/sign_dentalespace-GP.png\",\"width\":225,\"height\":51,\"caption\":\"Dentalespace\"},\"image\":{\"@id\":\"https:\\\/\\\/www.dentalespace.com\\\/patient\\\/#\\\/schema\\\/logo\\\/image\\\/\"},\"sameAs\":[\"https:\\\/\\\/www.facebook.com\\\/dentalespacepro\\\/\",\"https:\\\/\\\/www.instagram.com\\\/dentalespace\\\/\",\"https:\\\/\\\/www.youtube.com\\\/@dentalespace\",\"https:\\\/\\\/www.linkedin.com\\\/company\\\/dentalespace\\\/\",\"https:\\\/\\\/www.pinterest.com\\\/dentalespace\\\/\"]},{\"@type\":\"Person\",\"@id\":\"https:\\\/\\\/www.dentalespace.com\\\/patient\\\/#\\\/schema\\\/person\\\/938f3c232493ea8c60bfd61b86814b89\",\"name\":\"Dentalespace\",\"image\":{\"@type\":\"ImageObject\",\"inLanguage\":\"fr-FR\",\"@id\":\"https:\\\/\\\/secure.gravatar.com\\\/avatar\\\/f47d53b08b42eda8a27dde37efcefa17f2e4c01a6a388b3444b6121ef46a49b7?s=96&d=mm&r=g\",\"url\":\"https:\\\/\\\/secure.gravatar.com\\\/avatar\\\/f47d53b08b42eda8a27dde37efcefa17f2e4c01a6a388b3444b6121ef46a49b7?s=96&d=mm&r=g\",\"contentUrl\":\"https:\\\/\\\/secure.gravatar.com\\\/avatar\\\/f47d53b08b42eda8a27dde37efcefa17f2e4c01a6a388b3444b6121ef46a49b7?s=96&d=mm&r=g\",\"caption\":\"Dentalespace\"},\"url\":\"https:\\\/\\\/www.dentalespace.com\\\/patient\\\/author\\\/dentalespacepatient\\\/\"}]}<\/script>\n<!-- \/ Yoast SEO plugin. -->","yoast_head_json":{"title":"Le traitement radiculaire - Dentalespace","robots":{"index":"index","follow":"follow","max-snippet":"max-snippet:-1","max-image-preview":"max-image-preview:large","max-video-preview":"max-video-preview:-1"},"canonical":"https:\/\/www.dentalespace.com\/patient\/24-traitement-radiculaire-htm\/","og_locale":"fr_FR","og_type":"article","og_title":"Le traitement radiculaire - Dentalespace","og_url":"https:\/\/www.dentalespace.com\/patient\/24-traitement-radiculaire-htm\/","og_site_name":"Dentalespace","article_publisher":"https:\/\/www.facebook.com\/dentalespacepro\/","article_published_time":"2017-05-11T12:17:45+00:00","article_modified_time":"2018-02-28T17:11:01+00:00","og_image":[{"width":100,"height":80,"url":"https:\/\/www.dentalespace.com\/patient\/wp-content\/uploads\/2017\/05\/24_small-1.jpg","type":"image\/jpeg"}],"author":"Dentalespace","twitter_card":"summary_large_image","twitter_misc":{"\u00c9crit par":"Dentalespace","Dur\u00e9e de lecture estim\u00e9e":"3 minutes"},"schema":{"@context":"https:\/\/schema.org","@graph":[{"@type":"Article","@id":"https:\/\/www.dentalespace.com\/patient\/24-traitement-radiculaire-htm\/#article","isPartOf":{"@id":"https:\/\/www.dentalespace.com\/patient\/24-traitement-radiculaire-htm\/"},"author":{"name":"Dentalespace","@id":"https:\/\/www.dentalespace.com\/patient\/#\/schema\/person\/938f3c232493ea8c60bfd61b86814b89"},"headline":"Le traitement radiculaire","datePublished":"2017-05-11T12:17:45+00:00","dateModified":"2018-02-28T17:11:01+00:00","mainEntityOfPage":{"@id":"https:\/\/www.dentalespace.com\/patient\/24-traitement-radiculaire-htm\/"},"wordCount":572,"commentCount":5,"publisher":{"@id":"https:\/\/www.dentalespace.com\/patient\/#organization"},"image":{"@id":"https:\/\/www.dentalespace.com\/patient\/24-traitement-radiculaire-htm\/#primaryimage"},"thumbnailUrl":"https:\/\/www.dentalespace.com\/patient\/wp-content\/uploads\/2017\/05\/24_small-1.jpg","articleSection":["Le Traitement Radiculaire","Soins Dentaires"],"inLanguage":"fr-FR","potentialAction":[{"@type":"CommentAction","name":"Comment","target":["https:\/\/www.dentalespace.com\/patient\/24-traitement-radiculaire-htm\/#respond"]}]},{"@type":"WebPage","@id":"https:\/\/www.dentalespace.com\/patient\/24-traitement-radiculaire-htm\/","url":"https:\/\/www.dentalespace.com\/patient\/24-traitement-radiculaire-htm\/","name":"Le traitement radiculaire - Dentalespace","isPartOf":{"@id":"https:\/\/www.dentalespace.com\/patient\/#website"},"primaryImageOfPage":{"@id":"https:\/\/www.dentalespace.com\/patient\/24-traitement-radiculaire-htm\/#primaryimage"},"image":{"@id":"https:\/\/www.dentalespace.com\/patient\/24-traitement-radiculaire-htm\/#primaryimage"},"thumbnailUrl":"https:\/\/www.dentalespace.com\/patient\/wp-content\/uploads\/2017\/05\/24_small-1.jpg","datePublished":"2017-05-11T12:17:45+00:00","dateModified":"2018-02-28T17:11:01+00:00","inLanguage":"fr-FR","potentialAction":[{"@type":"ReadAction","target":["https:\/\/www.dentalespace.com\/patient\/24-traitement-radiculaire-htm\/"]}]},{"@type":"ImageObject","inLanguage":"fr-FR","@id":"https:\/\/www.dentalespace.com\/patient\/24-traitement-radiculaire-htm\/#primaryimage","url":"https:\/\/www.dentalespace.com\/patient\/wp-content\/uploads\/2017\/05\/24_small-1.jpg","contentUrl":"https:\/\/www.dentalespace.com\/patient\/wp-content\/uploads\/2017\/05\/24_small-1.jpg","width":100,"height":80},{"@type":"WebSite","@id":"https:\/\/www.dentalespace.com\/patient\/#website","url":"https:\/\/www.dentalespace.com\/patient\/","name":"Dentalespace","description":"Dentalespace Patient","publisher":{"@id":"https:\/\/www.dentalespace.com\/patient\/#organization"},"potentialAction":[{"@type":"SearchAction","target":{"@type":"EntryPoint","urlTemplate":"https:\/\/www.dentalespace.com\/patient\/?s={search_term_string}"},"query-input":{"@type":"PropertyValueSpecification","valueRequired":true,"valueName":"search_term_string"}}],"inLanguage":"fr-FR"},{"@type":"Organization","@id":"https:\/\/www.dentalespace.com\/patient\/#organization","name":"Dentalespace","url":"https:\/\/www.dentalespace.com\/patient\/","logo":{"@type":"ImageObject","inLanguage":"fr-FR","@id":"https:\/\/www.dentalespace.com\/patient\/#\/schema\/logo\/image\/","url":"https:\/\/www.dentalespace.com\/patient\/wp-content\/uploads\/2017\/04\/sign_dentalespace-GP.png","contentUrl":"https:\/\/www.dentalespace.com\/patient\/wp-content\/uploads\/2017\/04\/sign_dentalespace-GP.png","width":225,"height":51,"caption":"Dentalespace"},"image":{"@id":"https:\/\/www.dentalespace.com\/patient\/#\/schema\/logo\/image\/"},"sameAs":["https:\/\/www.facebook.com\/dentalespacepro\/","https:\/\/www.instagram.com\/dentalespace\/","https:\/\/www.youtube.com\/@dentalespace","https:\/\/www.linkedin.com\/company\/dentalespace\/","https:\/\/www.pinterest.com\/dentalespace\/"]},{"@type":"Person","@id":"https:\/\/www.dentalespace.com\/patient\/#\/schema\/person\/938f3c232493ea8c60bfd61b86814b89","name":"Dentalespace","image":{"@type":"ImageObject","inLanguage":"fr-FR","@id":"https:\/\/secure.gravatar.com\/avatar\/f47d53b08b42eda8a27dde37efcefa17f2e4c01a6a388b3444b6121ef46a49b7?s=96&d=mm&r=g","url":"https:\/\/secure.gravatar.com\/avatar\/f47d53b08b42eda8a27dde37efcefa17f2e4c01a6a388b3444b6121ef46a49b7?s=96&d=mm&r=g","contentUrl":"https:\/\/secure.gravatar.com\/avatar\/f47d53b08b42eda8a27dde37efcefa17f2e4c01a6a388b3444b6121ef46a49b7?s=96&d=mm&r=g","caption":"Dentalespace"},"url":"https:\/\/www.dentalespace.com\/patient\/author\/dentalespacepatient\/"}]}},"_links":{"self":[{"href":"https:\/\/www.dentalespace.com\/patient\/wp-json\/wp\/v2\/posts\/1003","targetHints":{"allow":["GET"]}}],"collection":[{"href":"https:\/\/www.dentalespace.com\/patient\/wp-json\/wp\/v2\/posts"}],"about":[{"href":"https:\/\/www.dentalespace.com\/patient\/wp-json\/wp\/v2\/types\/post"}],"author":[{"embeddable":true,"href":"https:\/\/www.dentalespace.com\/patient\/wp-json\/wp\/v2\/users\/1"}],"replies":[{"embeddable":true,"href":"https:\/\/www.dentalespace.com\/patient\/wp-json\/wp\/v2\/comments?post=1003"}],"version-history":[{"count":3,"href":"https:\/\/www.dentalespace.com\/patient\/wp-json\/wp\/v2\/posts\/1003\/revisions"}],"predecessor-version":[{"id":1012,"href":"https:\/\/www.dentalespace.com\/patient\/wp-json\/wp\/v2\/posts\/1003\/revisions\/1012"}],"wp:featuredmedia":[{"embeddable":true,"href":"https:\/\/www.dentalespace.com\/patient\/wp-json\/wp\/v2\/media\/1007"}],"wp:attachment":[{"href":"https:\/\/www.dentalespace.com\/patient\/wp-json\/wp\/v2\/media?parent=1003"}],"wp:term":[{"taxonomy":"category","embeddable":true,"href":"https:\/\/www.dentalespace.com\/patient\/wp-json\/wp\/v2\/categories?post=1003"},{"taxonomy":"post_tag","embeddable":true,"href":"https:\/\/www.dentalespace.com\/patient\/wp-json\/wp\/v2\/tags?post=1003"}],"curies":[{"name":"wp","href":"https:\/\/api.w.org\/{rel}","templated":true}]}}