{"id":159,"date":"2017-04-18T01:40:51","date_gmt":"2017-04-17T23:40:51","guid":{"rendered":"https:\/\/www.dentalespace.com\/patient\/?p=159"},"modified":"2018-02-28T18:11:02","modified_gmt":"2018-02-28T17:11:02","slug":"23-problemes-gencive-htm","status":"publish","type":"post","link":"https:\/\/www.dentalespace.com\/patient\/23-problemes-gencive-htm\/","title":{"rendered":"Les probl\u00e8mes de gencive"},"content":{"rendered":"<p>[et_pb_section bb_built=\u00a0\u00bb1&Prime; admin_label=\u00a0\u00bbsection\u00a0\u00bb][et_pb_row admin_label=\u00a0\u00bbrow\u00a0\u00bb][et_pb_column type=\u00a0\u00bb4_4&Prime;][et_pb_text admin_label=\u00a0\u00bbTexte\u00a0\u00bb background_layout=\u00a0\u00bblight\u00a0\u00bb text_orientation=\u00a0\u00bbleft\u00a0\u00bb use_border_color=\u00a0\u00bboff\u00a0\u00bb border_color=\u00a0\u00bb#ffffff\u00a0\u00bb border_style=\u00a0\u00bbsolid\u00a0\u00bb]<\/p>\n<table border=\"0\" width=\"100%\" cellspacing=\"0\" cellpadding=\"0\">\n<tbody>\n<tr>\n<td class=\"arial12gris\" valign=\"top\"><strong>La plaque dentaire et ses bact\u00e9ries ! La plaque dentaire est une accumulation de bact\u00e9ries et de quelques d\u00e9bris alimentaires qui se forme sur la surface des dents. Si elle n&rsquo;est pas \u00e9limin\u00e9e chaque jour par le brossage, elle devient de plus en plus n\u00e9faste.<\/strong><\/td>\n<\/tr>\n<tr>\n<td valign=\"top\" height=\"30\"><\/td>\n<\/tr>\n<tr>\n<td valign=\"top\">\n<table border=\"0\" width=\"100%\" cellspacing=\"0\" cellpadding=\"0\">\n<tbody>\n<tr>\n<td class=\"arial12noir\" valign=\"top\">Les bact\u00e9ries de la plaque dentaire sont responsables de l&rsquo;inflammation de la gencive, de la perte de l&rsquo;os qui soutient les dents et de la fabrication du tartre. <strong>Le stade ultime est la perte de la dent !<br \/>\n<\/strong><\/p>\n<div align=\"center\">\n<div align=\"left\"><strong>\u00a0\u00bb Ce n\u2019est pas une fatalit\u00e9. On peut garder ses dents toute la vie, \u00e0 condition de faire ce qu&rsquo;il faut pour cela ! ! \u00ab\u00a0<\/strong><\/div>\n<\/div>\n<p>&nbsp;<\/p>\n<p>Un peu d&rsquo;anatomie :<\/td>\n<\/tr>\n<\/tbody>\n<\/table>\n<\/td>\n<\/tr>\n<\/tbody>\n<\/table>\n<p>[\/et_pb_text][\/et_pb_column][\/et_pb_row][et_pb_row admin_label=\u00a0\u00bbLigne\u00a0\u00bb][et_pb_column type=\u00a0\u00bb1_2&Prime;][et_pb_text admin_label=\u00a0\u00bbTexte\u00a0\u00bb background_layout=\u00a0\u00bblight\u00a0\u00bb text_orientation=\u00a0\u00bbleft\u00a0\u00bb use_border_color=\u00a0\u00bboff\u00a0\u00bb border_color=\u00a0\u00bb#ffffff\u00a0\u00bb border_style=\u00a0\u00bbsolid\u00a0\u00bb]<\/p>\n<div id=\"attachment_160\" style=\"width: 208px\" class=\"wp-caption aligncenter\"><img loading=\"lazy\" decoding=\"async\" aria-describedby=\"caption-attachment-160\" class=\"wp-image-160 size-medium\" src=\"https:\/\/www.dentalespace.com\/patient\/wp-content\/uploads\/2017\/04\/23-1-198x300.jpg\" alt=\"La dent c'est comme un iceberg : la partie visible, c'est la couronne naturelle. la partie cach\u00e9e, c'est la racine dans l'os. Entre la racine et l'os il y a le ligament. La gencive recouvre et prot\u00e8ge l'os.\" width=\"198\" height=\"300\" \/><p id=\"caption-attachment-160\" class=\"wp-caption-text\">La dent c&rsquo;est comme un iceberg : la partie visible, c&rsquo;est la couronne naturelle. la partie cach\u00e9e, c&rsquo;est la racine dans l&rsquo;os. Entre la racine et l&rsquo;os il y a le ligament. La gencive recouvre et prot\u00e8ge l&rsquo;os.<\/p><\/div>\n<p>[\/et_pb_text][\/et_pb_column][et_pb_column type=\u00a0\u00bb1_2&Prime;][et_pb_text admin_label=\u00a0\u00bbTexte\u00a0\u00bb background_layout=\u00a0\u00bblight\u00a0\u00bb text_orientation=\u00a0\u00bbcenter\u00a0\u00bb use_border_color=\u00a0\u00bboff\u00a0\u00bb border_color=\u00a0\u00bb#ffffff\u00a0\u00bb border_style=\u00a0\u00bbsolid\u00a0\u00bb]<\/p>\n<div id=\"attachment_161\" style=\"width: 310px\" class=\"wp-caption aligncenter\"><img loading=\"lazy\" decoding=\"async\" aria-describedby=\"caption-attachment-161\" class=\"wp-image-161 size-medium\" src=\"https:\/\/www.dentalespace.com\/patient\/wp-content\/uploads\/2017\/04\/23-2-300x202.jpg\" alt=\"\" width=\"300\" height=\"202\" \/><p id=\"caption-attachment-161\" class=\"wp-caption-text\">Une gencive saine est rose, adh\u00e8re \u00e0 la dent et ne saigne pas<\/p><\/div>\n<p>[\/et_pb_text][\/et_pb_column][\/et_pb_row][et_pb_row admin_label=\u00a0\u00bbLigne\u00a0\u00bb][et_pb_column type=\u00a0\u00bb4_4&Prime;][et_pb_text admin_label=\u00a0\u00bbTexte\u00a0\u00bb background_layout=\u00a0\u00bblight\u00a0\u00bb text_orientation=\u00a0\u00bbleft\u00a0\u00bb use_border_color=\u00a0\u00bboff\u00a0\u00bb border_color=\u00a0\u00bb#ffffff\u00a0\u00bb border_style=\u00a0\u00bbsolid\u00a0\u00bb] <strong>Les 4 stades d&rsquo;atteinte de la gencive :<\/strong> [\/et_pb_text][\/et_pb_column][\/et_pb_row][et_pb_row admin_label=\u00a0\u00bbLigne\u00a0\u00bb][et_pb_column type=\u00a0\u00bb1_2&Prime;][et_pb_text admin_label=\u00a0\u00bbStade I\u00a0\u00bb background_layout=\u00a0\u00bblight\u00a0\u00bb text_orientation=\u00a0\u00bbleft\u00a0\u00bb use_border_color=\u00a0\u00bboff\u00a0\u00bb border_color=\u00a0\u00bb#ffffff\u00a0\u00bb border_style=\u00a0\u00bbsolid\u00a0\u00bb]<\/p>\n<div id=\"attachment_172\" style=\"width: 138px\" class=\"wp-caption aligncenter\"><img loading=\"lazy\" decoding=\"async\" aria-describedby=\"caption-attachment-172\" class=\"wp-image-172 size-medium\" src=\"https:\/\/www.dentalespace.com\/patient\/wp-content\/uploads\/2017\/04\/23-3-128x300.jpg\" alt=\"\" width=\"128\" height=\"300\" \/><p id=\"caption-attachment-172\" class=\"wp-caption-text\">Stade I<\/p><\/div>\n<p>[\/et_pb_text][et_pb_text admin_label=\u00a0\u00bbStade III\u00a0\u00bb background_layout=\u00a0\u00bblight\u00a0\u00bb text_orientation=\u00a0\u00bbleft\u00a0\u00bb use_border_color=\u00a0\u00bboff\u00a0\u00bb border_color=\u00a0\u00bb#ffffff\u00a0\u00bb border_style=\u00a0\u00bbsolid\u00a0\u00bb]<\/p>\n<div id=\"attachment_174\" style=\"width: 141px\" class=\"wp-caption aligncenter\"><img loading=\"lazy\" decoding=\"async\" aria-describedby=\"caption-attachment-174\" class=\"wp-image-174 size-medium\" src=\"https:\/\/www.dentalespace.com\/patient\/wp-content\/uploads\/2017\/04\/23-5-131x300.jpg\" alt=\"\" width=\"131\" height=\"300\" \/><p id=\"caption-attachment-174\" class=\"wp-caption-text\">Stade III<\/p><\/div>\n<p>[\/et_pb_text][\/et_pb_column][et_pb_column type=\u00a0\u00bb1_2&Prime;][et_pb_text admin_label=\u00a0\u00bbStade II\u00a0\u00bb background_layout=\u00a0\u00bblight\u00a0\u00bb text_orientation=\u00a0\u00bbleft\u00a0\u00bb use_border_color=\u00a0\u00bboff\u00a0\u00bb border_color=\u00a0\u00bb#ffffff\u00a0\u00bb border_style=\u00a0\u00bbsolid\u00a0\u00bb]<\/p>\n<div id=\"attachment_173\" style=\"width: 149px\" class=\"wp-caption aligncenter\"><img loading=\"lazy\" decoding=\"async\" aria-describedby=\"caption-attachment-173\" class=\"size-medium wp-image-173\" src=\"https:\/\/www.dentalespace.com\/patient\/wp-content\/uploads\/2017\/04\/23-4-139x300.jpg\" alt=\"\" width=\"139\" height=\"300\" \/><p id=\"caption-attachment-173\" class=\"wp-caption-text\">Stade II<\/p><\/div>\n<p>[\/et_pb_text][et_pb_text admin_label=\u00a0\u00bbTexte\u00a0\u00bb background_layout=\u00a0\u00bblight\u00a0\u00bb text_orientation=\u00a0\u00bbleft\u00a0\u00bb use_border_color=\u00a0\u00bboff\u00a0\u00bb border_color=\u00a0\u00bb#ffffff\u00a0\u00bb border_style=\u00a0\u00bbsolid\u00a0\u00bb]<\/p>\n<div id=\"attachment_175\" style=\"width: 146px\" class=\"wp-caption aligncenter\"><img loading=\"lazy\" decoding=\"async\" aria-describedby=\"caption-attachment-175\" class=\"size-medium wp-image-175\" src=\"https:\/\/www.dentalespace.com\/patient\/wp-content\/uploads\/2017\/04\/23-6-136x300.jpg\" alt=\"\" width=\"136\" height=\"300\" \/><p id=\"caption-attachment-175\" class=\"wp-caption-text\">Stade IV<\/p><\/div>\n<p>[\/et_pb_text][\/et_pb_column][\/et_pb_row][et_pb_row admin_label=\u00a0\u00bbLigne\u00a0\u00bb][et_pb_column type=\u00a0\u00bb4_4&Prime;][et_pb_text admin_label=\u00a0\u00bbStade I\u00a0\u00bb background_layout=\u00a0\u00bblight\u00a0\u00bb text_orientation=\u00a0\u00bbleft\u00a0\u00bb use_border_color=\u00a0\u00bboff\u00a0\u00bb border_color=\u00a0\u00bb#ffffff\u00a0\u00bb border_style=\u00a0\u00bbsolid\u00a0\u00bb]<\/p>\n<div align=\"center\"><u><strong><br \/>\nStade I<\/strong><\/u><\/div>\n<p>La plaque dentaire et le tartre se d\u00e9posent sur les dents. Leurs effets sont les suivants :<\/p>\n<p>Les gencives sont un peu gonfl\u00e9es, rouges et saignent facilement au moindre contact : <strong>c&rsquo;est la gingivite.<\/strong><\/p>\n<p>[\/et_pb_text][\/et_pb_column][\/et_pb_row][et_pb_row admin_label=\u00a0\u00bbLigne\u00a0\u00bb][et_pb_column type=\u00a0\u00bb1_2&Prime;][et_pb_text admin_label=\u00a0\u00bbRadio\u00a0\u00bb background_layout=\u00a0\u00bblight\u00a0\u00bb text_orientation=\u00a0\u00bbleft\u00a0\u00bb use_border_color=\u00a0\u00bboff\u00a0\u00bb border_color=\u00a0\u00bb#ffffff\u00a0\u00bb border_style=\u00a0\u00bbsolid\u00a0\u00bb]<\/p>\n<div id=\"attachment_177\" style=\"width: 171px\" class=\"wp-caption aligncenter\"><img loading=\"lazy\" decoding=\"async\" aria-describedby=\"caption-attachment-177\" class=\"size-full wp-image-177\" src=\"https:\/\/www.dentalespace.com\/patient\/wp-content\/uploads\/2017\/04\/23-7.jpg\" alt=\"\" width=\"161\" height=\"119\" \/><p id=\"caption-attachment-177\" class=\"wp-caption-text\">Pas de signes visibles \u00e0 la radio.<\/p><\/div>\n<p>[\/et_pb_text][\/et_pb_column][et_pb_column type=\u00a0\u00bb1_2&Prime;][et_pb_text admin_label=\u00a0\u00bbRadio\u00a0\u00bb background_layout=\u00a0\u00bblight\u00a0\u00bb text_orientation=\u00a0\u00bbleft\u00a0\u00bb use_border_color=\u00a0\u00bboff\u00a0\u00bb border_color=\u00a0\u00bb#ffffff\u00a0\u00bb border_style=\u00a0\u00bbsolid\u00a0\u00bb]<\/p>\n<div id=\"attachment_178\" style=\"width: 138px\" class=\"wp-caption aligncenter\"><img loading=\"lazy\" decoding=\"async\" aria-describedby=\"caption-attachment-178\" class=\"size-medium wp-image-178\" src=\"https:\/\/www.dentalespace.com\/patient\/wp-content\/uploads\/2017\/04\/23-8-128x300.jpg\" alt=\"\" width=\"128\" height=\"300\" \/><p id=\"caption-attachment-178\" class=\"wp-caption-text\">Pas de signes visibles \u00e0 la radio.<\/p><\/div>\n<p>[\/et_pb_text][\/et_pb_column][\/et_pb_row][et_pb_row admin_label=\u00a0\u00bbLigne\u00a0\u00bb][et_pb_column type=\u00a0\u00bb4_4&Prime;][et_pb_text admin_label=\u00a0\u00bbStade I suite\u00a0\u00bb background_layout=\u00a0\u00bblight\u00a0\u00bb text_orientation=\u00a0\u00bbleft\u00a0\u00bb use_border_color=\u00a0\u00bboff\u00a0\u00bb border_color=\u00a0\u00bb#ffffff\u00a0\u00bb border_style=\u00a0\u00bbsolid\u00a0\u00bb]<\/p>\n<p>Le tartre est un \u00e9l\u00e9ment dur et poreux qui se forme \u00e0 partir de la plaque dentaire. C&rsquo;est un support pour les bact\u00e9ries. Il constitue donc un \u00e9l\u00e9ment irritant tant chimique que m\u00e9canique pour la gencive.<\/p>\n<p><strong>Le traitement de la gingivite : c&rsquo;est le d\u00e9tartrage et la motivation<\/strong>.<\/p>\n<p>La motivation : c&rsquo;est l&rsquo;enseignement de l&rsquo;hygi\u00e8ne afin d&rsquo;assurer l&rsquo;\u00e9limination compl\u00e8te de la plaque dentaire. Le praticien montre \u00e0 son patient comment se brosser efficacement et lui prescrit le mat\u00e9riel adapt\u00e9 \u00e0 ses dents (brosse \u00e0 dents, batonnets inter-dentaires, brossettes inter-dentaires, etc&#8230;)<\/p>\n<p><strong>Le prix du d\u00e9tartrage :\u00a057,84\u20ac pour 2 s\u00e9ances<\/strong> rembours\u00e9s \u00e0 70% par la S\u00e9curit\u00e9 Sociale.<\/p>\n<p>Le d\u00e9tartrage rembours\u00e9 par la S\u00e9curit\u00e9 Sociale ne concerne que les plaques de tartre. En cas de suppression de taches disgracieuses (tabac, nourriture,etc&#8230;) il s&rsquo;agit alors d&rsquo;un acte \u00ab\u00a0hors nomenclature\u00a0\u00bb.<br \/>\n<strong>Le prix du d\u00e9tartrage avec en plus ce nettoyage esth\u00e9tique : 80 \u00e0 150\u20ac par s\u00e9ance rembours\u00e9 20,24\u20ac par s\u00e9ance.<br \/>\n<\/strong><br \/>\n<strong>A ce stade tout est r\u00e9versible, vous pouvez retrouver une bonne sant\u00e9 gingivale avec un d\u00e9tartrage et un brossage bi-quotidien efficace.<\/strong><\/p>\n<p>[\/et_pb_text][\/et_pb_column][\/et_pb_row][et_pb_row admin_label=\u00a0\u00bbLigne\u00a0\u00bb][et_pb_column type=\u00a0\u00bb1_2&Prime;][et_pb_text admin_label=\u00a0\u00bbPr\u00e9sence de tarte plaque dentaire photo\u00a0\u00bb background_layout=\u00a0\u00bblight\u00a0\u00bb text_orientation=\u00a0\u00bbleft\u00a0\u00bb use_border_color=\u00a0\u00bboff\u00a0\u00bb border_color=\u00a0\u00bb#ffffff\u00a0\u00bb border_style=\u00a0\u00bbsolid\u00a0\u00bb]<\/p>\n<div id=\"attachment_181\" style=\"width: 224px\" class=\"wp-caption aligncenter\"><img loading=\"lazy\" decoding=\"async\" aria-describedby=\"caption-attachment-181\" class=\"size-full wp-image-181\" src=\"https:\/\/www.dentalespace.com\/patient\/wp-content\/uploads\/2017\/04\/23-9.jpg\" alt=\"\" width=\"214\" height=\"136\" \/><p id=\"caption-attachment-181\" class=\"wp-caption-text\">Pr\u00e9sence de tartre et de plaque dentaire.<\/p><\/div>\n<p>[\/et_pb_text][\/et_pb_column][et_pb_column type=\u00a0\u00bb1_2&Prime;][et_pb_text admin_label=\u00a0\u00bbGu\u00e9rison photo\u00a0\u00bb background_layout=\u00a0\u00bblight\u00a0\u00bb text_orientation=\u00a0\u00bbleft\u00a0\u00bb use_border_color=\u00a0\u00bboff\u00a0\u00bb border_color=\u00a0\u00bb#ffffff\u00a0\u00bb border_style=\u00a0\u00bbsolid\u00a0\u00bb]<\/p>\n<div id=\"attachment_180\" style=\"width: 228px\" class=\"wp-caption aligncenter\"><img loading=\"lazy\" decoding=\"async\" aria-describedby=\"caption-attachment-180\" class=\"size-full wp-image-180\" src=\"https:\/\/www.dentalespace.com\/patient\/wp-content\/uploads\/2017\/04\/23-10.jpg\" alt=\"\" width=\"218\" height=\"137\" \/><p id=\"caption-attachment-180\" class=\"wp-caption-text\">Gu\u00e9rison 3 semaines plus tard.<\/p><\/div>\n<p>[\/et_pb_text][\/et_pb_column][\/et_pb_row][et_pb_row admin_label=\u00a0\u00bbLigne\u00a0\u00bb][et_pb_column type=\u00a0\u00bb4_4&Prime;][et_pb_text admin_label=\u00a0\u00bbStade II\u00a0\u00bb background_layout=\u00a0\u00bblight\u00a0\u00bb text_orientation=\u00a0\u00bbleft\u00a0\u00bb use_border_color=\u00a0\u00bboff\u00a0\u00bb border_color=\u00a0\u00bb#ffffff\u00a0\u00bb border_style=\u00a0\u00bbsolid\u00a0\u00bb]<\/p>\n<p>Entre ces deux photos, il n&rsquo;y a eu qu&rsquo;un d\u00e9tartrage et un brossage efficace.<\/p>\n<div align=\"center\"><u><strong>Stade II<\/strong><\/u><\/div>\n<p>Le stade I non trait\u00e9 aboutit au stade II.<\/p>\n<p>La plaque dentaire progresse en profondeur. Une poche se forme entre la dent et la gencive. M\u00eame apr\u00e8s une motivation et un d\u00e9tartrage, il vous est difficile d\u2019\u00e9liminer la plaque dentaire au fond des poches.<\/p>\n<p>&nbsp;<\/p>\n<p>[\/et_pb_text][\/et_pb_column][\/et_pb_row][et_pb_row admin_label=\u00a0\u00bbLigne\u00a0\u00bb][et_pb_column type=\u00a0\u00bb1_2&Prime;][et_pb_text admin_label=\u00a0\u00bbstade II\u00a0\u00bb background_layout=\u00a0\u00bblight\u00a0\u00bb text_orientation=\u00a0\u00bbleft\u00a0\u00bb use_border_color=\u00a0\u00bboff\u00a0\u00bb border_color=\u00a0\u00bb#ffffff\u00a0\u00bb border_style=\u00a0\u00bbsolid\u00a0\u00bb]<\/p>\n<div id=\"attachment_173\" style=\"width: 149px\" class=\"wp-caption aligncenter\"><img loading=\"lazy\" decoding=\"async\" aria-describedby=\"caption-attachment-173\" class=\"wp-image-173 size-medium\" src=\"https:\/\/www.dentalespace.com\/patient\/wp-content\/uploads\/2017\/04\/23-4-139x300.jpg\" alt=\"\" width=\"139\" height=\"300\" \/><p id=\"caption-attachment-173\" class=\"wp-caption-text\">Stade II<\/p><\/div>\n<p>[\/et_pb_text][\/et_pb_column][et_pb_column type=\u00a0\u00bb1_2&Prime;][et_pb_text admin_label=\u00a0\u00bbl\u00e9g\u00e8re baisse du niveau osseux\u00a0\u00bb background_layout=\u00a0\u00bblight\u00a0\u00bb text_orientation=\u00a0\u00bbleft\u00a0\u00bb use_border_color=\u00a0\u00bboff\u00a0\u00bb border_color=\u00a0\u00bb#ffffff\u00a0\u00bb border_style=\u00a0\u00bbsolid\u00a0\u00bb]<\/p>\n<div id=\"attachment_183\" style=\"width: 218px\" class=\"wp-caption aligncenter\"><img loading=\"lazy\" decoding=\"async\" aria-describedby=\"caption-attachment-183\" class=\"wp-image-183\" src=\"https:\/\/www.dentalespace.com\/patient\/wp-content\/uploads\/2017\/04\/23-12.jpg\" alt=\"\" width=\"208\" height=\"159\" \/><p id=\"caption-attachment-183\" class=\"wp-caption-text\">L\u00e9g\u00e8re baisse du niveau osseux<\/p><\/div>\n<p>[\/et_pb_text][\/et_pb_column][\/et_pb_row][et_pb_row admin_label=\u00a0\u00bbLigne\u00a0\u00bb][et_pb_column type=\u00a0\u00bb4_4&Prime;][et_pb_text admin_label=\u00a0\u00bbStade III\u00a0\u00bb background_layout=\u00a0\u00bblight\u00a0\u00bb text_orientation=\u00a0\u00bbleft\u00a0\u00bb use_border_color=\u00a0\u00bboff\u00a0\u00bb border_color=\u00a0\u00bb#ffffff\u00a0\u00bb border_style=\u00a0\u00bbsolid\u00a0\u00bb]<\/p>\n<table border=\"0\" width=\"100%\" cellspacing=\"0\" cellpadding=\"0\">\n<tbody>\n<tr>\n<td class=\"arial12noir\" valign=\"top\"><strong>Traitement : curetage des poches sous anesth\u00e9sie locale<\/strong>.<\/p>\n<p>Apr\u00e8s vous avoir fait une anesth\u00e9sie locale, votre dentiste va nettoyer en profondeur l\u2019espace qui s\u2019est form\u00e9 entre la dent et la gencive. Le but de ce \u00a0\u00bb <strong>d\u00e9tartrage profond <\/strong>\u00a0\u00bb est d\u2019obtenir une nouvelle attache de la gencive sur la dent et une disparition de la poche.<\/p>\n<p>Le traitement n\u00e9cessite aussi de votre part une hygi\u00e8ne rigoureuse :<\/p>\n<ul>\n<li>Brossage bi-quotidien des dents et des gencives.<\/li>\n<li>Utilisation bi-quotidienne des b\u00e2tonnets inter-dentaires (et\/ou brossettes inter-dentaires)<\/li>\n<\/ul>\n<p><strong>Le prix :\u00a0150\u20ac \u00e0\u00a0250\u20ac par s\u00e9ance. <\/strong>\u00a0Acte hors nomenclature. Aucun remboursement par la S\u00e9curit\u00e9 Sociale.<\/td>\n<\/tr>\n<tr>\n<td valign=\"top\" height=\"25\"><\/td>\n<\/tr>\n<\/tbody>\n<\/table>\n<table border=\"0\" width=\"100%\" cellspacing=\"0\" cellpadding=\"0\">\n<tbody>\n<tr>\n<td class=\"arial12noir\" valign=\"top\">\n<div align=\"center\"><strong><u>Stade III<br \/>\n<\/u><\/strong><\/div>\n<p>&nbsp;<\/p>\n<p>Le stade II non trait\u00e9 aboutit au stade III. Les bact\u00e9ries se sont multipli\u00e9es, la perte de l&rsquo;os s&rsquo;accentue. Les dents deviennent mobiles. C&rsquo;est la <strong>\u00ab\u00a0maladie parodontale\u00a0\u00bb<\/strong> appel\u00e9e auparavant \u00ab\u00a0pyorrh\u00e9e alv\u00e9olaire\u00a0\u00bb ou \u00ab\u00a0arthrite dentaire\u00a0\u00bb ou encore \u00ab\u00a0d\u00e9chaussement des dents\u00a0\u00bb.<\/td>\n<\/tr>\n<\/tbody>\n<\/table>\n<p>[\/et_pb_text][\/et_pb_column][\/et_pb_row][et_pb_row admin_label=\u00a0\u00bbLigne\u00a0\u00bb][et_pb_column type=\u00a0\u00bb1_2&Prime;][et_pb_text admin_label=\u00a0\u00bbStade III\u00a0\u00bb background_layout=\u00a0\u00bblight\u00a0\u00bb text_orientation=\u00a0\u00bbleft\u00a0\u00bb use_border_color=\u00a0\u00bboff\u00a0\u00bb border_color=\u00a0\u00bb#ffffff\u00a0\u00bb border_style=\u00a0\u00bbsolid\u00a0\u00bb]<\/p>\n<div id=\"attachment_174\" style=\"width: 141px\" class=\"wp-caption aligncenter\"><img loading=\"lazy\" decoding=\"async\" aria-describedby=\"caption-attachment-174\" class=\"size-medium wp-image-174\" src=\"https:\/\/www.dentalespace.com\/patient\/wp-content\/uploads\/2017\/04\/23-5-131x300.jpg\" alt=\"\" width=\"131\" height=\"300\" \/><p id=\"caption-attachment-174\" class=\"wp-caption-text\">Stade III<\/p><\/div>\n<p>[\/et_pb_text][\/et_pb_column][et_pb_column type=\u00a0\u00bb1_2&Prime;][et_pb_text admin_label=\u00a0\u00bbPerte importante\u00a0\u00bb background_layout=\u00a0\u00bblight\u00a0\u00bb text_orientation=\u00a0\u00bbleft\u00a0\u00bb use_border_color=\u00a0\u00bboff\u00a0\u00bb border_color=\u00a0\u00bb#ffffff\u00a0\u00bb border_style=\u00a0\u00bbsolid\u00a0\u00bb]<\/p>\n<div id=\"attachment_189\" style=\"width: 209px\" class=\"wp-caption aligncenter\"><img loading=\"lazy\" decoding=\"async\" aria-describedby=\"caption-attachment-189\" class=\" wp-image-189\" src=\"https:\/\/www.dentalespace.com\/patient\/wp-content\/uploads\/2017\/04\/23-14.jpg\" alt=\"\" width=\"199\" height=\"142\" \/><p id=\"caption-attachment-189\" class=\"wp-caption-text\"><br \/>Perte importante du soutien osseux.<br \/>Le probl\u00e8me est s\u00e9rieux, il faut agir vite!<\/p><\/div>\n<p>[\/et_pb_text][\/et_pb_column][\/et_pb_row][et_pb_row admin_label=\u00a0\u00bbLigne\u00a0\u00bb][et_pb_column type=\u00a0\u00bb4_4&Prime;][et_pb_text admin_label=\u00a0\u00bbFin stade III + Stade IV\u00a0\u00bb background_layout=\u00a0\u00bblight\u00a0\u00bb text_orientation=\u00a0\u00bbleft\u00a0\u00bb use_border_color=\u00a0\u00bboff\u00a0\u00bb border_color=\u00a0\u00bb#ffffff\u00a0\u00bb border_style=\u00a0\u00bbsolid\u00a0\u00bb]<\/p>\n<p>Le traitement : la chirurgie \u00e0 lambeau.<\/p>\n<ul>\n<li>pr\u00e9paration initiale : d\u00e9tartrage, curetage, motivation.<\/li>\n<li>chirurgie dite \u00ab\u00a0\u00e0 lambeau\u00a0\u00bb (sous couverture antibiotique):<\/li>\n<\/ul>\n<p>Cette intervention consiste \u00e0 \u00e9carter la gencive de fa\u00e7on \u00e0 d\u00e9couvrir l&rsquo;os et les racines dentaires. Les buts sont les suivants:<\/p>\n<ul>\n<li>\u00e9liminer le tartre et la plaque dentaire pour polir les racines (surfa\u00e7age).<\/li>\n<li>am\u00e9liorer l&rsquo;environnement osseux.<\/li>\n<li>favoriser la r\u00e9adaptation intime de la gencive sur la dent, ce qui supprimera la poche.<\/li>\n<\/ul>\n<p>Ce traitement arr\u00eate la progression de la maladie mais malheureusement, <strong>ne reconstruit pas l&rsquo;os que vous avez perdu.<\/strong> La gencive en se raffermissant d\u00e9couvre davantage la racine de la dent. Cette\u00a0nouvelle position de la gencive peut donner une impression de dent longue et parfois inesth\u00e9tique.<\/p>\n<p>Les nouvelles techniques de dentisterie cosm\u00e9tique peuvent corriger ces aspects disgracieux.<\/p>\n<p><strong>Le prix: entre 300 \u20ac et\u00a0500 \u20ac.<\/strong> Acte hors nomenclature. Aucun remboursement par la S\u00e9curit\u00e9 Sociale.<\/p>\n<p>Des techniques avanc\u00e9es viennent compl\u00e9ter la chirurgie \u00e0 lambeau :\u00a0 ces techniques se r\u00e9alisent pendant l&rsquo;intervention \u00e0 lambeau.<\/p>\n<ul>\n<li><strong>Les greffes osseuses<\/strong>: votre dentiste vous pr\u00e9l\u00e8ve dans la bouche un peu d&rsquo;os pour le greffer l\u00e0 o\u00f9 il en manque. <u><br \/>\n<\/u>Dans ce cas la greffe osseuse est autog\u00e8ne ( le donneur c&rsquo;est vous ! ). Il peut \u00e9galement utiliser un mat\u00e9riau synth\u00e9tique qui va stimuler le reconstruction de l&rsquo;os.<\/li>\n<li><strong>La r\u00e9g\u00e9n\u00e9ration tissulaire guid\u00e9e<\/strong>: pose d&rsquo;une membrane comme une toile de tente entre la gencive et la perte osseuse. L&rsquo;os repousse vers ce plafond artificiel.<\/li>\n<li><strong>Un antibiogramme cibl\u00e9<\/strong> \u00e0 l&rsquo;aide de pr\u00e9l\u00e8vements bact\u00e9riens dans les poches, il augmentera l&rsquo;efficacit\u00e9 du traitement antibiotique qui accompagne ces interventions.<\/li>\n<\/ul>\n<p>Ces techniques\u00a0<strong>augmentent d&rsquo;environ 150 \u20ac<\/strong> le co\u00fbt du traitement, sans remboursement.<\/p>\n<p>Cette sacr\u00e9e plaque dentaire commence \u00e0 vous co\u00fbter cher !<\/p>\n<p>Les gens avertis que vous serez d\u00e9sormais, pr\u00e9f\u00e8reront la pr\u00e9vention !<\/p>\n<div align=\"center\"><strong><u>Stade IV<\/u><\/strong><\/div>\n<p>[\/et_pb_text][\/et_pb_column][\/et_pb_row][et_pb_row admin_label=\u00a0\u00bbLigne\u00a0\u00bb][et_pb_column type=\u00a0\u00bb1_2&Prime;][et_pb_text admin_label=\u00a0\u00bbTrop tard photo\u00a0\u00bb background_layout=\u00a0\u00bblight\u00a0\u00bb text_orientation=\u00a0\u00bbleft\u00a0\u00bb use_border_color=\u00a0\u00bboff\u00a0\u00bb border_color=\u00a0\u00bb#ffffff\u00a0\u00bb border_style=\u00a0\u00bbsolid\u00a0\u00bb]<\/p>\n<div id=\"attachment_186\" style=\"width: 141px\" class=\"wp-caption aligncenter\"><img loading=\"lazy\" decoding=\"async\" aria-describedby=\"caption-attachment-186\" class=\" wp-image-186\" src=\"https:\/\/www.dentalespace.com\/patient\/wp-content\/uploads\/2017\/04\/23-16.jpg\" alt=\"\" width=\"131\" height=\"230\" \/><p id=\"caption-attachment-186\" class=\"wp-caption-text\">Trop tard !<br \/>La dent est \u00e0 extraire. Elle devra \u00eatre remplac\u00e9e par un implant ou un bridge.<br \/>Vous entrez maintenant dans le domaine de la r\u00e9habilitation dentaire par des moyens proth\u00e9tiques.<\/p><\/div>\n<p>[\/et_pb_text][\/et_pb_column][et_pb_column type=\u00a0\u00bb1_2&Prime;][et_pb_text admin_label=\u00a0\u00bbStade IV\u00a0\u00bb background_layout=\u00a0\u00bblight\u00a0\u00bb text_orientation=\u00a0\u00bbleft\u00a0\u00bb use_border_color=\u00a0\u00bboff\u00a0\u00bb border_color=\u00a0\u00bb#ffffff\u00a0\u00bb border_style=\u00a0\u00bbsolid\u00a0\u00bb]<\/p>\n<div id=\"attachment_175\" style=\"width: 146px\" class=\"wp-caption aligncenter\"><img loading=\"lazy\" decoding=\"async\" aria-describedby=\"caption-attachment-175\" class=\"size-medium wp-image-175\" src=\"https:\/\/www.dentalespace.com\/patient\/wp-content\/uploads\/2017\/04\/23-6-136x300.jpg\" alt=\"\" width=\"136\" height=\"300\" \/><p id=\"caption-attachment-175\" class=\"wp-caption-text\">Stade IV<\/p><\/div>\n<p>[\/et_pb_text][\/et_pb_column][\/et_pb_row][et_pb_row admin_label=\u00a0\u00bbLigne\u00a0\u00bb][et_pb_column type=\u00a0\u00bb4_4&Prime;][et_pb_text admin_label=\u00a0\u00bbTexte\u00a0\u00bb background_layout=\u00a0\u00bblight\u00a0\u00bb text_orientation=\u00a0\u00bbleft\u00a0\u00bb use_border_color=\u00a0\u00bboff\u00a0\u00bb border_color=\u00a0\u00bb#ffffff\u00a0\u00bb border_style=\u00a0\u00bbsolid\u00a0\u00bb] Voil\u00e0 donc comment on peut perdre ses dents : [\/et_pb_text][\/et_pb_column][\/et_pb_row][et_pb_row admin_label=\u00a0\u00bbLigne\u00a0\u00bb][et_pb_column type=\u00a0\u00bb1_2&Prime;][et_pb_text admin_label=\u00a0\u00bbStade I\u00a0\u00bb background_layout=\u00a0\u00bblight\u00a0\u00bb text_orientation=\u00a0\u00bbleft\u00a0\u00bb use_border_color=\u00a0\u00bboff\u00a0\u00bb border_color=\u00a0\u00bb#ffffff\u00a0\u00bb border_style=\u00a0\u00bbsolid\u00a0\u00bb]<\/p>\n<div id=\"attachment_172\" style=\"width: 138px\" class=\"wp-caption aligncenter\"><img loading=\"lazy\" decoding=\"async\" aria-describedby=\"caption-attachment-172\" class=\"wp-image-172 size-medium\" src=\"https:\/\/www.dentalespace.com\/patient\/wp-content\/uploads\/2017\/04\/23-3-128x300.jpg\" alt=\"\" width=\"128\" height=\"300\" \/><p id=\"caption-attachment-172\" class=\"wp-caption-text\">Stade I<\/p><\/div>\n<p>[\/et_pb_text][et_pb_text admin_label=\u00a0\u00bbStade III\u00a0\u00bb background_layout=\u00a0\u00bblight\u00a0\u00bb text_orientation=\u00a0\u00bbleft\u00a0\u00bb use_border_color=\u00a0\u00bboff\u00a0\u00bb border_color=\u00a0\u00bb#ffffff\u00a0\u00bb border_style=\u00a0\u00bbsolid\u00a0\u00bb]<\/p>\n<div id=\"attachment_174\" style=\"width: 141px\" class=\"wp-caption aligncenter\"><img loading=\"lazy\" decoding=\"async\" aria-describedby=\"caption-attachment-174\" class=\"wp-image-174 size-medium\" src=\"https:\/\/www.dentalespace.com\/patient\/wp-content\/uploads\/2017\/04\/23-5-131x300.jpg\" alt=\"\" width=\"131\" height=\"300\" \/><p id=\"caption-attachment-174\" class=\"wp-caption-text\">Stade III<\/p><\/div>\n<p>[\/et_pb_text][\/et_pb_column][et_pb_column type=\u00a0\u00bb1_2&Prime;][et_pb_text admin_label=\u00a0\u00bbStade II\u00a0\u00bb background_layout=\u00a0\u00bblight\u00a0\u00bb text_orientation=\u00a0\u00bbleft\u00a0\u00bb use_border_color=\u00a0\u00bboff\u00a0\u00bb border_color=\u00a0\u00bb#ffffff\u00a0\u00bb border_style=\u00a0\u00bbsolid\u00a0\u00bb]<\/p>\n<div id=\"attachment_173\" style=\"width: 149px\" class=\"wp-caption aligncenter\"><img loading=\"lazy\" decoding=\"async\" aria-describedby=\"caption-attachment-173\" class=\"size-medium wp-image-173\" src=\"https:\/\/www.dentalespace.com\/patient\/wp-content\/uploads\/2017\/04\/23-4-139x300.jpg\" alt=\"\" width=\"139\" height=\"300\" \/><p id=\"caption-attachment-173\" class=\"wp-caption-text\">Stade II<\/p><\/div>\n<p>[\/et_pb_text][et_pb_text admin_label=\u00a0\u00bbTexte\u00a0\u00bb background_layout=\u00a0\u00bblight\u00a0\u00bb text_orientation=\u00a0\u00bbleft\u00a0\u00bb use_border_color=\u00a0\u00bboff\u00a0\u00bb border_color=\u00a0\u00bb#ffffff\u00a0\u00bb border_style=\u00a0\u00bbsolid\u00a0\u00bb]<\/p>\n<div id=\"attachment_175\" style=\"width: 146px\" class=\"wp-caption aligncenter\"><img loading=\"lazy\" decoding=\"async\" aria-describedby=\"caption-attachment-175\" class=\"size-medium wp-image-175\" src=\"https:\/\/www.dentalespace.com\/patient\/wp-content\/uploads\/2017\/04\/23-6-136x300.jpg\" alt=\"\" width=\"136\" height=\"300\" \/><p id=\"caption-attachment-175\" class=\"wp-caption-text\">Stade IV<\/p><\/div>\n<p>[\/et_pb_text][\/et_pb_column][\/et_pb_row][et_pb_row admin_label=\u00a0\u00bbLigne\u00a0\u00bb][et_pb_column type=\u00a0\u00bb4_4&Prime;][et_pb_text admin_label=\u00a0\u00bbFin texte\u00a0\u00bb background_layout=\u00a0\u00bblight\u00a0\u00bb text_orientation=\u00a0\u00bbleft\u00a0\u00bb use_border_color=\u00a0\u00bboff\u00a0\u00bb border_color=\u00a0\u00bb#ffffff\u00a0\u00bb border_style=\u00a0\u00bbsolid\u00a0\u00bb]<\/p>\n<table border=\"0\" width=\"100%\" cellspacing=\"0\" cellpadding=\"0\">\n<tbody>\n<tr>\n<td class=\"arial12noir\" valign=\"top\">N&rsquo;attendez pas d&rsquo;en arriver l\u00e0 !<\/p>\n<p>La maladie parodontale peut-\u00eatre aggrav\u00e9e par des maladies g\u00e9n\u00e9rales comme le diab\u00e8te ou par le tabac.<\/p>\n<p><span class=\"arial12bleu\" style=\"color: #3366ff;\">A propos, voici ce que contient une cigarette, c&rsquo;est tr\u00e8s \u00e9difiant,<\/span> <span style=\"color: #ff9900;\"><a class=\"arial12oranges\" style=\"color: #ff9900;\" href=\"https:\/\/www.dentalespace.com\/patient\/wp-content\/uploads\/2017\/04\/autopsie_meurtrier.pdf\" target=\"_blank\" rel=\"noopener noreferrer\"><strong>cliquez, \u00e7a vaut la peine !<\/strong><\/a><\/span><\/td>\n<\/tr>\n<tr>\n<td valign=\"top\" height=\"25\"><\/td>\n<\/tr>\n<\/tbody>\n<\/table>\n<table border=\"0\" width=\"100%\" cellspacing=\"0\" cellpadding=\"0\">\n<tbody>\n<tr>\n<td class=\"arial12noir\" valign=\"top\"><strong>Quelles peuvent \u00eatre les r\u00e9percussions sur l&rsquo;organisme de la maladie parodontale ?<br \/>\n<\/strong><br \/>\nNous savons maintenant que cette infection permanente des gencives (bact\u00e9ries contenues dans la poche parodontale) peut consistuer un facteur aggravant de certaines maladies et non des moindres. Les plus importantes sont\u00a0 :<\/p>\n<ul>\n<li><strong>la\u00a0maladie coronarienne<\/strong> (angine de poitrine, infarctus du myocarde) : les bact\u00e9ries contriburaient \u00e0 la formation de plaque d&rsquo;ath\u00e9rome sur la paroi interne des art\u00e8res coronaires.<\/li>\n<li><strong>l&rsquo; endocardite<\/strong> (infection du muscle interne du coeur) : fixation et multiplication des bact\u00e9ries au niveau de l&rsquo;endocarde.<\/li>\n<li><strong>la \u00a0naissance pr\u00e9matur\u00e9e.<\/strong><\/li>\n<li><strong>la pneumonie<\/strong> chez le sujet ag\u00e9.<\/li>\n<li><strong>l&rsquo;instabilit\u00e9 de l&rsquo;\u00e9quilibre de la glyc\u00e9mie (diab\u00e8te).<\/strong><\/li>\n<\/ul>\n<p><strong>Que seront les traitements de la maladie de gencive au 21 \u00e8me si\u00e8cle ?<\/strong><\/p>\n<p><strong>Les donn\u00e9es <\/strong>:<\/p>\n<p>Nous ne sommes pas tous \u00e9gaux devant les probl\u00e8mes de gencive. Avec la m\u00eame quantit\u00e9 de plaque dentaire certains individus pr\u00e9senteront une atteinte tr\u00e8s mod\u00e9r\u00e9e tandis que d&rsquo;autres pr\u00e9senteront une destruction s\u00e9v\u00e8re des tissus de soutien de la dent.<\/p>\n<p><strong>La pr\u00e9vention <\/strong>:<\/p>\n<p>Elle sera bas\u00e9e sur l&rsquo;identification des patients \u00e0 risques qui devront \u00eatre trait\u00e9s avant l&rsquo;apparition de la maladie.<\/p>\n<p>Le praticien a maintenant \u00e0 sa disposition des tests qui permettent un d\u00e9pistage de la pr\u00e9disposition \u00e0 la maladie parodontale.<\/p>\n<ul>\n<li>Pr\u00e9sence de bact\u00e9ries virulentes.<\/li>\n<li>Nombre insuffisant ou mauvais fonctionnement de certaines cellules sanguines (polynucl\u00e9aires) qui doivent \u00eatre pr\u00e9sentes entre la gencive et la dent (tests PST).<\/li>\n<li>Pr\u00e9sence de tartre, de plaque dentaire, de proth\u00e8se d\u00e9fectueuses.<\/li>\n<\/ul>\n<p>D&rsquo;autres facteurs pourront compromettre la r\u00e9sistance \u00e0 la maladie parodontale: le diab\u00e8te, le tabac, le stress, le sida et certains m\u00e9dicaments.<\/p>\n<p>Les fumeurs pr\u00e9sentent un risque majeur de maladie parodontale.<\/p>\n<p><strong>Les traitements <\/strong>:<\/p>\n<ul>\n<li>Patients \u00e0 risque faible :<\/li>\n<\/ul>\n<p>D\u00e9tartrage, conseils d&rsquo;hygi\u00e8ne, r\u00e9fection de proth\u00e8ses mal adapt\u00e9es pouvant retenir la plaque dentaire.<br \/>\nVisites de contr\u00f4le r\u00e9guli\u00e8res.<\/p>\n<ul>\n<li>Patients \u00e0 risque \u00e9lev\u00e9 :<\/li>\n<\/ul>\n<ol>\n<li>Utilisation d&rsquo;antiseptiques locaux et d&rsquo;antibiotiques cibl\u00e9s afin de supprimer les bact\u00e9ries virulentes.<\/li>\n<li>Apprentissage d&rsquo;une technique d&rsquo;hygi\u00e8ne bucco-dentaire efficace.<\/li>\n<li>Suppression des \u00e9l\u00e9ments qui retiennent la plaque dentaire (tartre, proth\u00e8ses et reconstitutions d\u00e9fectueuses).<\/li>\n<li>En cas de destruction osseuse et gingivale, la chirurgie peut \u00eatre n\u00e9cessaire.<\/li>\n<li>Visites de maintenance tous les trois \u00e0 six mois.<\/li>\n<\/ol>\n<p><strong>La maladie parodontale est un v\u00e9ritable probl\u00e8me de sant\u00e9 public qui n&rsquo;est pas encore pris en compte \u00e0 sa juste valeur. La carie dentaire est une affection qui diminue dans les pays occidentaux, tandis que la maladie parodontale est la cause principale de la perte des dents apr\u00e8s l&rsquo;\u00e2ge de 40 ans !<\/strong><\/p>\n<p>La carie dentaire provoque des rages de dents, en revanche l&rsquo;atteinte de l&rsquo;os et des gencives est une affection qui \u00e9volue \u00e0 bas bruits et ne se manifeste pour le patient que lorsque le mal est d\u00e9j\u00e0 fait.<\/p>\n<p>La pr\u00e9vention est donc la notion la plus importante dans la prise en charge de cette maladie.<\/td>\n<\/tr>\n<\/tbody>\n<\/table>\n<p>[\/et_pb_text][\/et_pb_column][\/et_pb_row][\/et_pb_section]<\/p>\n","protected":false},"excerpt":{"rendered":"<p>La plaque dentaire et ses bact\u00e9ries ! La plaque dentaire est une accumulation de bact\u00e9ries et de quelques d\u00e9bris alimentaires qui se forme sur la surface des dents. Si elle n&rsquo;est pas \u00e9limin\u00e9e chaque jour par le brossage, elle devient de plus en plus n\u00e9faste. Les bact\u00e9ries de la plaque dentaire sont responsables de l&rsquo;inflammation [&hellip;]<\/p>\n","protected":false},"author":1,"featured_media":543,"comment_status":"open","ping_status":"closed","sticky":false,"template":"","format":"standard","meta":{"_bbp_topic_count":0,"_bbp_reply_count":0,"_bbp_total_topic_count":0,"_bbp_total_reply_count":0,"_bbp_voice_count":0,"_bbp_anonymous_reply_count":0,"_bbp_topic_count_hidden":0,"_bbp_reply_count_hidden":0,"_bbp_forum_subforum_count":0,"_et_pb_use_builder":"on","_et_pb_old_content":"","_et_gb_content_width":"","footnotes":""},"categories":[4,18],"tags":[],"class_list":["post-159","post","type-post","status-publish","format-standard","has-post-thumbnail","hentry","category-gencive","category-soins-dentaires","et-doesnt-have-format-content","et_post_format-et-post-format-standard"],"yoast_head":"<!-- This site is optimized with the Yoast SEO plugin v27.5 - https:\/\/yoast.com\/product\/yoast-seo-wordpress\/ -->\n<title>Les probl\u00e8mes de gencive - Dentalespace<\/title>\n<meta name=\"robots\" content=\"index, follow, max-snippet:-1, max-image-preview:large, max-video-preview:-1\" \/>\n<link rel=\"canonical\" href=\"https:\/\/www.dentalespace.com\/patient\/23-problemes-gencive-htm\/\" \/>\n<meta property=\"og:locale\" content=\"fr_FR\" \/>\n<meta property=\"og:type\" content=\"article\" \/>\n<meta property=\"og:title\" content=\"Les probl\u00e8mes de gencive - Dentalespace\" \/>\n<meta property=\"og:url\" content=\"https:\/\/www.dentalespace.com\/patient\/23-problemes-gencive-htm\/\" \/>\n<meta property=\"og:site_name\" content=\"Dentalespace\" \/>\n<meta property=\"article:publisher\" content=\"https:\/\/www.facebook.com\/dentalespacepro\/\" \/>\n<meta property=\"article:published_time\" content=\"2017-04-17T23:40:51+00:00\" \/>\n<meta property=\"article:modified_time\" content=\"2018-02-28T17:11:02+00:00\" \/>\n<meta property=\"og:image\" content=\"https:\/\/www.dentalespace.com\/patient\/wp-content\/uploads\/2017\/04\/23_small.jpg\" \/>\n\t<meta property=\"og:image:width\" content=\"100\" \/>\n\t<meta property=\"og:image:height\" content=\"80\" \/>\n\t<meta property=\"og:image:type\" content=\"image\/jpeg\" \/>\n<meta name=\"author\" content=\"Dentalespace\" \/>\n<meta name=\"twitter:card\" content=\"summary_large_image\" \/>\n<meta name=\"twitter:label1\" content=\"\u00c9crit par\" \/>\n\t<meta name=\"twitter:data1\" content=\"Dentalespace\" \/>\n\t<meta name=\"twitter:label2\" content=\"Dur\u00e9e de lecture estim\u00e9e\" \/>\n\t<meta name=\"twitter:data2\" content=\"14 minutes\" \/>\n<script type=\"application\/ld+json\" class=\"yoast-schema-graph\">{\"@context\":\"https:\\\/\\\/schema.org\",\"@graph\":[{\"@type\":\"Article\",\"@id\":\"https:\\\/\\\/www.dentalespace.com\\\/patient\\\/23-problemes-gencive-htm\\\/#article\",\"isPartOf\":{\"@id\":\"https:\\\/\\\/www.dentalespace.com\\\/patient\\\/23-problemes-gencive-htm\\\/\"},\"author\":{\"name\":\"Dentalespace\",\"@id\":\"https:\\\/\\\/www.dentalespace.com\\\/patient\\\/#\\\/schema\\\/person\\\/938f3c232493ea8c60bfd61b86814b89\"},\"headline\":\"Les probl\u00e8mes de gencive\",\"datePublished\":\"2017-04-17T23:40:51+00:00\",\"dateModified\":\"2018-02-28T17:11:02+00:00\",\"mainEntityOfPage\":{\"@id\":\"https:\\\/\\\/www.dentalespace.com\\\/patient\\\/23-problemes-gencive-htm\\\/\"},\"wordCount\":2804,\"commentCount\":8,\"publisher\":{\"@id\":\"https:\\\/\\\/www.dentalespace.com\\\/patient\\\/#organization\"},\"image\":{\"@id\":\"https:\\\/\\\/www.dentalespace.com\\\/patient\\\/23-problemes-gencive-htm\\\/#primaryimage\"},\"thumbnailUrl\":\"https:\\\/\\\/www.dentalespace.com\\\/patient\\\/wp-content\\\/uploads\\\/2017\\\/04\\\/23_small.jpg\",\"articleSection\":[\"La Gencive\",\"Soins Dentaires\"],\"inLanguage\":\"fr-FR\",\"potentialAction\":[{\"@type\":\"CommentAction\",\"name\":\"Comment\",\"target\":[\"https:\\\/\\\/www.dentalespace.com\\\/patient\\\/23-problemes-gencive-htm\\\/#respond\"]}]},{\"@type\":\"WebPage\",\"@id\":\"https:\\\/\\\/www.dentalespace.com\\\/patient\\\/23-problemes-gencive-htm\\\/\",\"url\":\"https:\\\/\\\/www.dentalespace.com\\\/patient\\\/23-problemes-gencive-htm\\\/\",\"name\":\"Les probl\u00e8mes de gencive - Dentalespace\",\"isPartOf\":{\"@id\":\"https:\\\/\\\/www.dentalespace.com\\\/patient\\\/#website\"},\"primaryImageOfPage\":{\"@id\":\"https:\\\/\\\/www.dentalespace.com\\\/patient\\\/23-problemes-gencive-htm\\\/#primaryimage\"},\"image\":{\"@id\":\"https:\\\/\\\/www.dentalespace.com\\\/patient\\\/23-problemes-gencive-htm\\\/#primaryimage\"},\"thumbnailUrl\":\"https:\\\/\\\/www.dentalespace.com\\\/patient\\\/wp-content\\\/uploads\\\/2017\\\/04\\\/23_small.jpg\",\"datePublished\":\"2017-04-17T23:40:51+00:00\",\"dateModified\":\"2018-02-28T17:11:02+00:00\",\"inLanguage\":\"fr-FR\",\"potentialAction\":[{\"@type\":\"ReadAction\",\"target\":[\"https:\\\/\\\/www.dentalespace.com\\\/patient\\\/23-problemes-gencive-htm\\\/\"]}]},{\"@type\":\"ImageObject\",\"inLanguage\":\"fr-FR\",\"@id\":\"https:\\\/\\\/www.dentalespace.com\\\/patient\\\/23-problemes-gencive-htm\\\/#primaryimage\",\"url\":\"https:\\\/\\\/www.dentalespace.com\\\/patient\\\/wp-content\\\/uploads\\\/2017\\\/04\\\/23_small.jpg\",\"contentUrl\":\"https:\\\/\\\/www.dentalespace.com\\\/patient\\\/wp-content\\\/uploads\\\/2017\\\/04\\\/23_small.jpg\",\"width\":100,\"height\":80},{\"@type\":\"WebSite\",\"@id\":\"https:\\\/\\\/www.dentalespace.com\\\/patient\\\/#website\",\"url\":\"https:\\\/\\\/www.dentalespace.com\\\/patient\\\/\",\"name\":\"Dentalespace\",\"description\":\"Dentalespace Patient\",\"publisher\":{\"@id\":\"https:\\\/\\\/www.dentalespace.com\\\/patient\\\/#organization\"},\"potentialAction\":[{\"@type\":\"SearchAction\",\"target\":{\"@type\":\"EntryPoint\",\"urlTemplate\":\"https:\\\/\\\/www.dentalespace.com\\\/patient\\\/?s={search_term_string}\"},\"query-input\":{\"@type\":\"PropertyValueSpecification\",\"valueRequired\":true,\"valueName\":\"search_term_string\"}}],\"inLanguage\":\"fr-FR\"},{\"@type\":\"Organization\",\"@id\":\"https:\\\/\\\/www.dentalespace.com\\\/patient\\\/#organization\",\"name\":\"Dentalespace\",\"url\":\"https:\\\/\\\/www.dentalespace.com\\\/patient\\\/\",\"logo\":{\"@type\":\"ImageObject\",\"inLanguage\":\"fr-FR\",\"@id\":\"https:\\\/\\\/www.dentalespace.com\\\/patient\\\/#\\\/schema\\\/logo\\\/image\\\/\",\"url\":\"https:\\\/\\\/www.dentalespace.com\\\/patient\\\/wp-content\\\/uploads\\\/2017\\\/04\\\/sign_dentalespace-GP.png\",\"contentUrl\":\"https:\\\/\\\/www.dentalespace.com\\\/patient\\\/wp-content\\\/uploads\\\/2017\\\/04\\\/sign_dentalespace-GP.png\",\"width\":225,\"height\":51,\"caption\":\"Dentalespace\"},\"image\":{\"@id\":\"https:\\\/\\\/www.dentalespace.com\\\/patient\\\/#\\\/schema\\\/logo\\\/image\\\/\"},\"sameAs\":[\"https:\\\/\\\/www.facebook.com\\\/dentalespacepro\\\/\",\"https:\\\/\\\/www.instagram.com\\\/dentalespace\\\/\",\"https:\\\/\\\/www.youtube.com\\\/@dentalespace\",\"https:\\\/\\\/www.linkedin.com\\\/company\\\/dentalespace\\\/\",\"https:\\\/\\\/www.pinterest.com\\\/dentalespace\\\/\"]},{\"@type\":\"Person\",\"@id\":\"https:\\\/\\\/www.dentalespace.com\\\/patient\\\/#\\\/schema\\\/person\\\/938f3c232493ea8c60bfd61b86814b89\",\"name\":\"Dentalespace\",\"image\":{\"@type\":\"ImageObject\",\"inLanguage\":\"fr-FR\",\"@id\":\"https:\\\/\\\/secure.gravatar.com\\\/avatar\\\/f47d53b08b42eda8a27dde37efcefa17f2e4c01a6a388b3444b6121ef46a49b7?s=96&d=mm&r=g\",\"url\":\"https:\\\/\\\/secure.gravatar.com\\\/avatar\\\/f47d53b08b42eda8a27dde37efcefa17f2e4c01a6a388b3444b6121ef46a49b7?s=96&d=mm&r=g\",\"contentUrl\":\"https:\\\/\\\/secure.gravatar.com\\\/avatar\\\/f47d53b08b42eda8a27dde37efcefa17f2e4c01a6a388b3444b6121ef46a49b7?s=96&d=mm&r=g\",\"caption\":\"Dentalespace\"},\"url\":\"https:\\\/\\\/www.dentalespace.com\\\/patient\\\/author\\\/dentalespacepatient\\\/\"}]}<\/script>\n<!-- \/ Yoast SEO plugin. -->","yoast_head_json":{"title":"Les probl\u00e8mes de gencive - Dentalespace","robots":{"index":"index","follow":"follow","max-snippet":"max-snippet:-1","max-image-preview":"max-image-preview:large","max-video-preview":"max-video-preview:-1"},"canonical":"https:\/\/www.dentalespace.com\/patient\/23-problemes-gencive-htm\/","og_locale":"fr_FR","og_type":"article","og_title":"Les probl\u00e8mes de gencive - Dentalespace","og_url":"https:\/\/www.dentalespace.com\/patient\/23-problemes-gencive-htm\/","og_site_name":"Dentalespace","article_publisher":"https:\/\/www.facebook.com\/dentalespacepro\/","article_published_time":"2017-04-17T23:40:51+00:00","article_modified_time":"2018-02-28T17:11:02+00:00","og_image":[{"width":100,"height":80,"url":"https:\/\/www.dentalespace.com\/patient\/wp-content\/uploads\/2017\/04\/23_small.jpg","type":"image\/jpeg"}],"author":"Dentalespace","twitter_card":"summary_large_image","twitter_misc":{"\u00c9crit par":"Dentalespace","Dur\u00e9e de lecture estim\u00e9e":"14 minutes"},"schema":{"@context":"https:\/\/schema.org","@graph":[{"@type":"Article","@id":"https:\/\/www.dentalespace.com\/patient\/23-problemes-gencive-htm\/#article","isPartOf":{"@id":"https:\/\/www.dentalespace.com\/patient\/23-problemes-gencive-htm\/"},"author":{"name":"Dentalespace","@id":"https:\/\/www.dentalespace.com\/patient\/#\/schema\/person\/938f3c232493ea8c60bfd61b86814b89"},"headline":"Les probl\u00e8mes de gencive","datePublished":"2017-04-17T23:40:51+00:00","dateModified":"2018-02-28T17:11:02+00:00","mainEntityOfPage":{"@id":"https:\/\/www.dentalespace.com\/patient\/23-problemes-gencive-htm\/"},"wordCount":2804,"commentCount":8,"publisher":{"@id":"https:\/\/www.dentalespace.com\/patient\/#organization"},"image":{"@id":"https:\/\/www.dentalespace.com\/patient\/23-problemes-gencive-htm\/#primaryimage"},"thumbnailUrl":"https:\/\/www.dentalespace.com\/patient\/wp-content\/uploads\/2017\/04\/23_small.jpg","articleSection":["La Gencive","Soins Dentaires"],"inLanguage":"fr-FR","potentialAction":[{"@type":"CommentAction","name":"Comment","target":["https:\/\/www.dentalespace.com\/patient\/23-problemes-gencive-htm\/#respond"]}]},{"@type":"WebPage","@id":"https:\/\/www.dentalespace.com\/patient\/23-problemes-gencive-htm\/","url":"https:\/\/www.dentalespace.com\/patient\/23-problemes-gencive-htm\/","name":"Les probl\u00e8mes de gencive - Dentalespace","isPartOf":{"@id":"https:\/\/www.dentalespace.com\/patient\/#website"},"primaryImageOfPage":{"@id":"https:\/\/www.dentalespace.com\/patient\/23-problemes-gencive-htm\/#primaryimage"},"image":{"@id":"https:\/\/www.dentalespace.com\/patient\/23-problemes-gencive-htm\/#primaryimage"},"thumbnailUrl":"https:\/\/www.dentalespace.com\/patient\/wp-content\/uploads\/2017\/04\/23_small.jpg","datePublished":"2017-04-17T23:40:51+00:00","dateModified":"2018-02-28T17:11:02+00:00","inLanguage":"fr-FR","potentialAction":[{"@type":"ReadAction","target":["https:\/\/www.dentalespace.com\/patient\/23-problemes-gencive-htm\/"]}]},{"@type":"ImageObject","inLanguage":"fr-FR","@id":"https:\/\/www.dentalespace.com\/patient\/23-problemes-gencive-htm\/#primaryimage","url":"https:\/\/www.dentalespace.com\/patient\/wp-content\/uploads\/2017\/04\/23_small.jpg","contentUrl":"https:\/\/www.dentalespace.com\/patient\/wp-content\/uploads\/2017\/04\/23_small.jpg","width":100,"height":80},{"@type":"WebSite","@id":"https:\/\/www.dentalespace.com\/patient\/#website","url":"https:\/\/www.dentalespace.com\/patient\/","name":"Dentalespace","description":"Dentalespace Patient","publisher":{"@id":"https:\/\/www.dentalespace.com\/patient\/#organization"},"potentialAction":[{"@type":"SearchAction","target":{"@type":"EntryPoint","urlTemplate":"https:\/\/www.dentalespace.com\/patient\/?s={search_term_string}"},"query-input":{"@type":"PropertyValueSpecification","valueRequired":true,"valueName":"search_term_string"}}],"inLanguage":"fr-FR"},{"@type":"Organization","@id":"https:\/\/www.dentalespace.com\/patient\/#organization","name":"Dentalespace","url":"https:\/\/www.dentalespace.com\/patient\/","logo":{"@type":"ImageObject","inLanguage":"fr-FR","@id":"https:\/\/www.dentalespace.com\/patient\/#\/schema\/logo\/image\/","url":"https:\/\/www.dentalespace.com\/patient\/wp-content\/uploads\/2017\/04\/sign_dentalespace-GP.png","contentUrl":"https:\/\/www.dentalespace.com\/patient\/wp-content\/uploads\/2017\/04\/sign_dentalespace-GP.png","width":225,"height":51,"caption":"Dentalespace"},"image":{"@id":"https:\/\/www.dentalespace.com\/patient\/#\/schema\/logo\/image\/"},"sameAs":["https:\/\/www.facebook.com\/dentalespacepro\/","https:\/\/www.instagram.com\/dentalespace\/","https:\/\/www.youtube.com\/@dentalespace","https:\/\/www.linkedin.com\/company\/dentalespace\/","https:\/\/www.pinterest.com\/dentalespace\/"]},{"@type":"Person","@id":"https:\/\/www.dentalespace.com\/patient\/#\/schema\/person\/938f3c232493ea8c60bfd61b86814b89","name":"Dentalespace","image":{"@type":"ImageObject","inLanguage":"fr-FR","@id":"https:\/\/secure.gravatar.com\/avatar\/f47d53b08b42eda8a27dde37efcefa17f2e4c01a6a388b3444b6121ef46a49b7?s=96&d=mm&r=g","url":"https:\/\/secure.gravatar.com\/avatar\/f47d53b08b42eda8a27dde37efcefa17f2e4c01a6a388b3444b6121ef46a49b7?s=96&d=mm&r=g","contentUrl":"https:\/\/secure.gravatar.com\/avatar\/f47d53b08b42eda8a27dde37efcefa17f2e4c01a6a388b3444b6121ef46a49b7?s=96&d=mm&r=g","caption":"Dentalespace"},"url":"https:\/\/www.dentalespace.com\/patient\/author\/dentalespacepatient\/"}]}},"_links":{"self":[{"href":"https:\/\/www.dentalespace.com\/patient\/wp-json\/wp\/v2\/posts\/159","targetHints":{"allow":["GET"]}}],"collection":[{"href":"https:\/\/www.dentalespace.com\/patient\/wp-json\/wp\/v2\/posts"}],"about":[{"href":"https:\/\/www.dentalespace.com\/patient\/wp-json\/wp\/v2\/types\/post"}],"author":[{"embeddable":true,"href":"https:\/\/www.dentalespace.com\/patient\/wp-json\/wp\/v2\/users\/1"}],"replies":[{"embeddable":true,"href":"https:\/\/www.dentalespace.com\/patient\/wp-json\/wp\/v2\/comments?post=159"}],"version-history":[{"count":12,"href":"https:\/\/www.dentalespace.com\/patient\/wp-json\/wp\/v2\/posts\/159\/revisions"}],"predecessor-version":[{"id":188,"href":"https:\/\/www.dentalespace.com\/patient\/wp-json\/wp\/v2\/posts\/159\/revisions\/188"}],"wp:featuredmedia":[{"embeddable":true,"href":"https:\/\/www.dentalespace.com\/patient\/wp-json\/wp\/v2\/media\/543"}],"wp:attachment":[{"href":"https:\/\/www.dentalespace.com\/patient\/wp-json\/wp\/v2\/media?parent=159"}],"wp:term":[{"taxonomy":"category","embeddable":true,"href":"https:\/\/www.dentalespace.com\/patient\/wp-json\/wp\/v2\/categories?post=159"},{"taxonomy":"post_tag","embeddable":true,"href":"https:\/\/www.dentalespace.com\/patient\/wp-json\/wp\/v2\/tags?post=159"}],"curies":[{"name":"wp","href":"https:\/\/api.w.org\/{rel}","templated":true}]}}