{"id":248,"date":"2017-04-21T01:39:45","date_gmt":"2017-04-20T23:39:45","guid":{"rendered":"https:\/\/www.dentalespace.com\/patient\/?p=248"},"modified":"2018-02-28T18:11:02","modified_gmt":"2018-02-28T17:11:02","slug":"la-carie-dentaire","status":"publish","type":"post","link":"https:\/\/www.dentalespace.com\/patient\/la-carie-dentaire\/","title":{"rendered":"La carie dentaire"},"content":{"rendered":"<p>[et_pb_section bb_built=\u00a0\u00bb1&Prime; admin_label=\u00a0\u00bbsection\u00a0\u00bb][et_pb_row admin_label=\u00a0\u00bbrow\u00a0\u00bb][et_pb_column type=\u00a0\u00bb4_4&Prime;][et_pb_text admin_label=\u00a0\u00bbTexte\u00a0\u00bb background_layout=\u00a0\u00bblight\u00a0\u00bb text_orientation=\u00a0\u00bbleft\u00a0\u00bb use_border_color=\u00a0\u00bboff\u00a0\u00bb border_color=\u00a0\u00bb#ffffff\u00a0\u00bb border_style=\u00a0\u00bbsolid\u00a0\u00bb]<\/p>\n<table border=\"0\" width=\"100%\" cellspacing=\"0\" cellpadding=\"0\">\n<tbody>\n<tr>\n<td class=\"arial12gris\" valign=\"top\"><strong>Qu&rsquo;est-ce que la carie dentaire ?<\/strong><\/td>\n<\/tr>\n<tr>\n<td valign=\"top\" height=\"30\"><\/td>\n<\/tr>\n<tr>\n<td valign=\"top\">\n<table border=\"0\" width=\"100%\" cellspacing=\"0\" cellpadding=\"0\">\n<tbody>\n<tr>\n<td class=\"arial12noir\" valign=\"top\">C&rsquo;est une atteinte de la dent dont la sur face se creuse d&rsquo;une <strong>cavit\u00e9<\/strong>.<br \/>\nDe forme et de profondeur diff\u00e9rentes, elle peut \u00e9voluer jusqu&rsquo;\u00e0 provoquer la destruction totale de la dent, accompagn\u00e9e par tous les stades de la douleur.<br \/>\nLa carie de d\u00e9veloppe \u00e0 partir de la <strong>plaque dentaire<\/strong>.Vous avez entendu parler de la plaque dentaire !Non ce n\u2019est pas celle qui est sur la fa\u00e7ade de l\u2019immeuble de votre dentiste !Dans la bouche, nous avons tous des <strong>bact\u00e9ries<\/strong>. Apr\u00e8s chaque repas, un film de d\u00e9bris alimentaires reste coll\u00e9 sur les dents et s&rsquo;il n\u2019est pas \u00e9limin\u00e9 par le brossage, les bact\u00e9ries le colonisent et en pr\u00e9sence de <strong>glucides<\/strong> (sucres) elles s\u00e9cr\u00e8tent des <strong>acides<\/strong> qui attaquent l\u2019\u00e9mail.Vous avez tout compris : <strong>Plaque dentaire = bact\u00e9ries + d\u00e9bris alimentaires<\/strong>.On distingue actuellement 4 stades dans l\u2019\u00e9volution de la carie.<\/p>\n<p><strong>Mais auparavant, un peu d&rsquo;anatomie<\/strong>\u00a0 :<\/td>\n<\/tr>\n<\/tbody>\n<\/table>\n<\/td>\n<\/tr>\n<\/tbody>\n<\/table>\n<p>[\/et_pb_text][et_pb_text admin_label=\u00a0\u00bbPhoto dent saine\u00a0\u00bb background_layout=\u00a0\u00bblight\u00a0\u00bb text_orientation=\u00a0\u00bbleft\u00a0\u00bb use_border_color=\u00a0\u00bboff\u00a0\u00bb border_color=\u00a0\u00bb#ffffff\u00a0\u00bb border_style=\u00a0\u00bbsolid\u00a0\u00bb]<\/p>\n<div id=\"attachment_253\" style=\"width: 112px\" class=\"wp-caption aligncenter\"><img loading=\"lazy\" decoding=\"async\" aria-describedby=\"caption-attachment-253\" class=\"size-medium wp-image-253\" src=\"https:\/\/www.dentalespace.com\/patient\/wp-content\/uploads\/2017\/04\/9-1-102x300.jpg\" alt=\"\" width=\"102\" height=\"300\" \/><p id=\"caption-attachment-253\" class=\"wp-caption-text\">Voici la coupe d&rsquo;une dent saine<\/p><\/div>\n<p>[\/et_pb_text][et_pb_text admin_label=\u00a0\u00bbTexte\u00a0\u00bb background_layout=\u00a0\u00bblight\u00a0\u00bb text_orientation=\u00a0\u00bbleft\u00a0\u00bb use_border_color=\u00a0\u00bboff\u00a0\u00bb border_color=\u00a0\u00bb#ffffff\u00a0\u00bb border_style=\u00a0\u00bbsolid\u00a0\u00bb]<\/p>\n<p><strong>Les 4 stades d&rsquo;atteinte de la dent par la carie dentaire :<\/strong><\/p>\n<p>[\/et_pb_text][\/et_pb_column][\/et_pb_row][et_pb_row admin_label=\u00a0\u00bbLigne\u00a0\u00bb][et_pb_column type=\u00a0\u00bb1_2&Prime;][et_pb_text admin_label=\u00a0\u00bbStade I\u00a0\u00bb background_layout=\u00a0\u00bblight\u00a0\u00bb text_orientation=\u00a0\u00bbleft\u00a0\u00bb use_border_color=\u00a0\u00bboff\u00a0\u00bb border_color=\u00a0\u00bb#ffffff\u00a0\u00bb border_style=\u00a0\u00bbsolid\u00a0\u00bb]<\/p>\n<div id=\"attachment_252\" style=\"width: 113px\" class=\"wp-caption aligncenter\"><img loading=\"lazy\" decoding=\"async\" aria-describedby=\"caption-attachment-252\" class=\"size-medium wp-image-252\" src=\"https:\/\/www.dentalespace.com\/patient\/wp-content\/uploads\/2017\/04\/9-2-103x300.jpg\" alt=\"\" width=\"103\" height=\"300\" \/><p id=\"caption-attachment-252\" class=\"wp-caption-text\">Stade I : Atteinte de l&rsquo;\u00e9mail, il n&rsquo;y a pas de douleurs.<\/p><\/div>\n<p>[\/et_pb_text][et_pb_text admin_label=\u00a0\u00bbStade III\u00a0\u00bb background_layout=\u00a0\u00bblight\u00a0\u00bb text_orientation=\u00a0\u00bbleft\u00a0\u00bb use_border_color=\u00a0\u00bboff\u00a0\u00bb border_color=\u00a0\u00bb#ffffff\u00a0\u00bb border_style=\u00a0\u00bbsolid\u00a0\u00bb]<\/p>\n<div id=\"attachment_250\" style=\"width: 113px\" class=\"wp-caption aligncenter\"><img loading=\"lazy\" decoding=\"async\" aria-describedby=\"caption-attachment-250\" class=\"size-medium wp-image-250\" src=\"https:\/\/www.dentalespace.com\/patient\/wp-content\/uploads\/2017\/04\/9-4-103x300.jpg\" alt=\"\" width=\"103\" height=\"300\" \/><p id=\"caption-attachment-250\" class=\"wp-caption-text\">Stade III : Atteinte de la pulpe (nerf de la dent). C&rsquo;est la fameuse rage de dent !<\/p><\/div>\n<p>[\/et_pb_text][\/et_pb_column][et_pb_column type=\u00a0\u00bb1_2&Prime;][et_pb_text admin_label=\u00a0\u00bbStade 2&Prime; background_layout=\u00a0\u00bblight\u00a0\u00bb text_orientation=\u00a0\u00bbleft\u00a0\u00bb use_border_color=\u00a0\u00bboff\u00a0\u00bb border_color=\u00a0\u00bb#ffffff\u00a0\u00bb border_style=\u00a0\u00bbsolid\u00a0\u00bb]<\/p>\n<div id=\"attachment_251\" style=\"width: 113px\" class=\"wp-caption aligncenter\"><img loading=\"lazy\" decoding=\"async\" aria-describedby=\"caption-attachment-251\" class=\"size-medium wp-image-251\" src=\"https:\/\/www.dentalespace.com\/patient\/wp-content\/uploads\/2017\/04\/9-3-103x300.jpg\" alt=\"\" width=\"103\" height=\"300\" \/><p id=\"caption-attachment-251\" class=\"wp-caption-text\">Stade II : Atteinte de l&rsquo;\u00e9mail et de la dentine. La dent est sensible au chaud et au froid.<\/p><\/div>\n<p>[\/et_pb_text][et_pb_text admin_label=\u00a0\u00bbStade IV\u00a0\u00bb background_layout=\u00a0\u00bblight\u00a0\u00bb text_orientation=\u00a0\u00bbleft\u00a0\u00bb use_border_color=\u00a0\u00bboff\u00a0\u00bb border_color=\u00a0\u00bb#ffffff\u00a0\u00bb border_style=\u00a0\u00bbsolid\u00a0\u00bb]<\/p>\n<div id=\"attachment_249\" style=\"width: 103px\" class=\"wp-caption aligncenter\"><img loading=\"lazy\" decoding=\"async\" aria-describedby=\"caption-attachment-249\" class=\"size-medium wp-image-249\" src=\"https:\/\/www.dentalespace.com\/patient\/wp-content\/uploads\/2017\/04\/9-5-93x300.jpg\" alt=\"\" width=\"93\" height=\"300\" \/><p id=\"caption-attachment-249\" class=\"wp-caption-text\">Stade IV : La pulpe est n\u00e9cros\u00e9e et gangr\u00e9n\u00e9e. L&rsquo;infection a d\u00e9pass\u00e9 l&rsquo;extr\u00e9mit\u00e9 de la racine. C&rsquo;est l&rsquo;abc\u00e8s !<\/p><\/div>\n<p>[\/et_pb_text][\/et_pb_column][\/et_pb_row][et_pb_row admin_label=\u00a0\u00bbLigne\u00a0\u00bb][et_pb_column type=\u00a0\u00bb4_4&Prime;][et_pb_text admin_label=\u00a0\u00bbTexte\u00a0\u00bb background_layout=\u00a0\u00bblight\u00a0\u00bb text_orientation=\u00a0\u00bbleft\u00a0\u00bb use_border_color=\u00a0\u00bboff\u00a0\u00bb border_color=\u00a0\u00bb#ffffff\u00a0\u00bb border_style=\u00a0\u00bbsolid\u00a0\u00bb]<\/p>\n<p><strong>Traitements possibles pour les stades I et II : seuls l&rsquo;\u00e9mail et la dentine sont touch\u00e9s.<br \/>\nLors du traitement, la dent sera conserv\u00e9e vivante.<\/strong><\/p>\n<p>&nbsp;<\/p>\n<ol>\n<li><strong><span style=\"text-decoration: underline; color: #3366ff;\"><a class=\"arial12bleus\" style=\"color: #3366ff; text-decoration: underline;\" href=\"https:\/\/www.dentalespace.com\/patient\/50-amalgame-htm\/\">l&rsquo;amalgame<\/a><\/span> (plombage)<\/strong><\/li>\n<li><strong><span style=\"text-decoration: underline; color: #3366ff;\"><a class=\"arial12bleus\" style=\"color: #3366ff; text-decoration: underline;\" href=\"https:\/\/www.dentalespace.com\/patient\/51-composite-htm\/\">le composite<\/a><\/span>, plus cher que l&rsquo;amalgame<\/strong><\/li>\n<li><strong><span style=\"text-decoration: underline; color: #3366ff;\"><a class=\"arial12bleus\" style=\"color: #3366ff; text-decoration: underline;\" href=\"https:\/\/www.dentalespace.com\/patient\/52-onlay-htm\/\">l&rsquo;onlay<\/a><\/span> en composite ou en c\u00e9ramique\u00a0, plus cher que le composite.<\/strong><\/li>\n<\/ol>\n<p><strong>Traitement\u00a0 pour les stades III et IV :<\/strong> il s&rsquo;agit du <span style=\"color: #3366ff;\"><a class=\"arial12bleus\" style=\"color: #3366ff;\" href=\"https:\/\/www.dentalespace.com\/patient\/24-traitement-radiculaire-htm\/\"><strong>traitement radiculaire<\/strong><\/a><\/span><\/p>\n<p>[\/et_pb_text][\/et_pb_column][\/et_pb_row][\/et_pb_section]<\/p>\n","protected":false},"excerpt":{"rendered":"<p>Qu&rsquo;est-ce que la carie dentaire ? C&rsquo;est une atteinte de la dent dont la sur face se creuse d&rsquo;une cavit\u00e9. De forme et de profondeur diff\u00e9rentes, elle peut \u00e9voluer jusqu&rsquo;\u00e0 provoquer la destruction totale de la dent, accompagn\u00e9e par tous les stades de la douleur. La carie de d\u00e9veloppe \u00e0 partir de la plaque dentaire.Vous [&hellip;]<\/p>\n","protected":false},"author":1,"featured_media":543,"comment_status":"open","ping_status":"closed","sticky":false,"template":"","format":"standard","meta":{"_bbp_topic_count":0,"_bbp_reply_count":0,"_bbp_total_topic_count":0,"_bbp_total_reply_count":0,"_bbp_voice_count":0,"_bbp_anonymous_reply_count":0,"_bbp_topic_count_hidden":0,"_bbp_reply_count_hidden":0,"_bbp_forum_subforum_count":0,"_et_pb_use_builder":"on","_et_pb_old_content":"","_et_gb_content_width":"","footnotes":""},"categories":[5,18],"tags":[],"class_list":["post-248","post","type-post","status-publish","format-standard","has-post-thumbnail","hentry","category-carie","category-soins-dentaires","et-doesnt-have-format-content","et_post_format-et-post-format-standard"],"yoast_head":"<!-- This site is optimized with the Yoast SEO plugin v27.5 - https:\/\/yoast.com\/product\/yoast-seo-wordpress\/ -->\n<title>La carie dentaire - Dentalespace<\/title>\n<meta name=\"robots\" content=\"index, follow, max-snippet:-1, max-image-preview:large, max-video-preview:-1\" \/>\n<link rel=\"canonical\" href=\"https:\/\/www.dentalespace.com\/patient\/la-carie-dentaire\/\" \/>\n<meta property=\"og:locale\" content=\"fr_FR\" \/>\n<meta property=\"og:type\" content=\"article\" \/>\n<meta property=\"og:title\" content=\"La carie dentaire - Dentalespace\" \/>\n<meta property=\"og:url\" content=\"https:\/\/www.dentalespace.com\/patient\/la-carie-dentaire\/\" \/>\n<meta property=\"og:site_name\" content=\"Dentalespace\" \/>\n<meta property=\"article:publisher\" content=\"https:\/\/www.facebook.com\/dentalespacepro\/\" \/>\n<meta property=\"article:published_time\" content=\"2017-04-20T23:39:45+00:00\" \/>\n<meta property=\"article:modified_time\" content=\"2018-02-28T17:11:02+00:00\" \/>\n<meta property=\"og:image\" content=\"https:\/\/www.dentalespace.com\/patient\/wp-content\/uploads\/2017\/04\/23_small.jpg\" \/>\n\t<meta property=\"og:image:width\" content=\"100\" \/>\n\t<meta property=\"og:image:height\" content=\"80\" \/>\n\t<meta property=\"og:image:type\" content=\"image\/jpeg\" \/>\n<meta name=\"author\" content=\"Dentalespace\" \/>\n<meta name=\"twitter:card\" content=\"summary_large_image\" \/>\n<meta name=\"twitter:label1\" content=\"\u00c9crit par\" \/>\n\t<meta name=\"twitter:data1\" content=\"Dentalespace\" \/>\n\t<meta name=\"twitter:label2\" content=\"Dur\u00e9e de lecture estim\u00e9e\" \/>\n\t<meta name=\"twitter:data2\" content=\"3 minutes\" \/>\n<script type=\"application\/ld+json\" class=\"yoast-schema-graph\">{\"@context\":\"https:\\\/\\\/schema.org\",\"@graph\":[{\"@type\":\"Article\",\"@id\":\"https:\\\/\\\/www.dentalespace.com\\\/patient\\\/la-carie-dentaire\\\/#article\",\"isPartOf\":{\"@id\":\"https:\\\/\\\/www.dentalespace.com\\\/patient\\\/la-carie-dentaire\\\/\"},\"author\":{\"name\":\"Dentalespace\",\"@id\":\"https:\\\/\\\/www.dentalespace.com\\\/patient\\\/#\\\/schema\\\/person\\\/938f3c232493ea8c60bfd61b86814b89\"},\"headline\":\"La carie dentaire\",\"datePublished\":\"2017-04-20T23:39:45+00:00\",\"dateModified\":\"2018-02-28T17:11:02+00:00\",\"mainEntityOfPage\":{\"@id\":\"https:\\\/\\\/www.dentalespace.com\\\/patient\\\/la-carie-dentaire\\\/\"},\"wordCount\":618,\"commentCount\":2,\"publisher\":{\"@id\":\"https:\\\/\\\/www.dentalespace.com\\\/patient\\\/#organization\"},\"image\":{\"@id\":\"https:\\\/\\\/www.dentalespace.com\\\/patient\\\/la-carie-dentaire\\\/#primaryimage\"},\"thumbnailUrl\":\"https:\\\/\\\/www.dentalespace.com\\\/patient\\\/wp-content\\\/uploads\\\/2017\\\/04\\\/23_small.jpg\",\"articleSection\":[\"La Carie\",\"Soins Dentaires\"],\"inLanguage\":\"fr-FR\",\"potentialAction\":[{\"@type\":\"CommentAction\",\"name\":\"Comment\",\"target\":[\"https:\\\/\\\/www.dentalespace.com\\\/patient\\\/la-carie-dentaire\\\/#respond\"]}]},{\"@type\":\"WebPage\",\"@id\":\"https:\\\/\\\/www.dentalespace.com\\\/patient\\\/la-carie-dentaire\\\/\",\"url\":\"https:\\\/\\\/www.dentalespace.com\\\/patient\\\/la-carie-dentaire\\\/\",\"name\":\"La carie dentaire - Dentalespace\",\"isPartOf\":{\"@id\":\"https:\\\/\\\/www.dentalespace.com\\\/patient\\\/#website\"},\"primaryImageOfPage\":{\"@id\":\"https:\\\/\\\/www.dentalespace.com\\\/patient\\\/la-carie-dentaire\\\/#primaryimage\"},\"image\":{\"@id\":\"https:\\\/\\\/www.dentalespace.com\\\/patient\\\/la-carie-dentaire\\\/#primaryimage\"},\"thumbnailUrl\":\"https:\\\/\\\/www.dentalespace.com\\\/patient\\\/wp-content\\\/uploads\\\/2017\\\/04\\\/23_small.jpg\",\"datePublished\":\"2017-04-20T23:39:45+00:00\",\"dateModified\":\"2018-02-28T17:11:02+00:00\",\"inLanguage\":\"fr-FR\",\"potentialAction\":[{\"@type\":\"ReadAction\",\"target\":[\"https:\\\/\\\/www.dentalespace.com\\\/patient\\\/la-carie-dentaire\\\/\"]}]},{\"@type\":\"ImageObject\",\"inLanguage\":\"fr-FR\",\"@id\":\"https:\\\/\\\/www.dentalespace.com\\\/patient\\\/la-carie-dentaire\\\/#primaryimage\",\"url\":\"https:\\\/\\\/www.dentalespace.com\\\/patient\\\/wp-content\\\/uploads\\\/2017\\\/04\\\/23_small.jpg\",\"contentUrl\":\"https:\\\/\\\/www.dentalespace.com\\\/patient\\\/wp-content\\\/uploads\\\/2017\\\/04\\\/23_small.jpg\",\"width\":100,\"height\":80},{\"@type\":\"WebSite\",\"@id\":\"https:\\\/\\\/www.dentalespace.com\\\/patient\\\/#website\",\"url\":\"https:\\\/\\\/www.dentalespace.com\\\/patient\\\/\",\"name\":\"Dentalespace\",\"description\":\"Dentalespace Patient\",\"publisher\":{\"@id\":\"https:\\\/\\\/www.dentalespace.com\\\/patient\\\/#organization\"},\"potentialAction\":[{\"@type\":\"SearchAction\",\"target\":{\"@type\":\"EntryPoint\",\"urlTemplate\":\"https:\\\/\\\/www.dentalespace.com\\\/patient\\\/?s={search_term_string}\"},\"query-input\":{\"@type\":\"PropertyValueSpecification\",\"valueRequired\":true,\"valueName\":\"search_term_string\"}}],\"inLanguage\":\"fr-FR\"},{\"@type\":\"Organization\",\"@id\":\"https:\\\/\\\/www.dentalespace.com\\\/patient\\\/#organization\",\"name\":\"Dentalespace\",\"url\":\"https:\\\/\\\/www.dentalespace.com\\\/patient\\\/\",\"logo\":{\"@type\":\"ImageObject\",\"inLanguage\":\"fr-FR\",\"@id\":\"https:\\\/\\\/www.dentalespace.com\\\/patient\\\/#\\\/schema\\\/logo\\\/image\\\/\",\"url\":\"https:\\\/\\\/www.dentalespace.com\\\/patient\\\/wp-content\\\/uploads\\\/2017\\\/04\\\/sign_dentalespace-GP.png\",\"contentUrl\":\"https:\\\/\\\/www.dentalespace.com\\\/patient\\\/wp-content\\\/uploads\\\/2017\\\/04\\\/sign_dentalespace-GP.png\",\"width\":225,\"height\":51,\"caption\":\"Dentalespace\"},\"image\":{\"@id\":\"https:\\\/\\\/www.dentalespace.com\\\/patient\\\/#\\\/schema\\\/logo\\\/image\\\/\"},\"sameAs\":[\"https:\\\/\\\/www.facebook.com\\\/dentalespacepro\\\/\",\"https:\\\/\\\/www.instagram.com\\\/dentalespace\\\/\",\"https:\\\/\\\/www.youtube.com\\\/@dentalespace\",\"https:\\\/\\\/www.linkedin.com\\\/company\\\/dentalespace\\\/\",\"https:\\\/\\\/www.pinterest.com\\\/dentalespace\\\/\"]},{\"@type\":\"Person\",\"@id\":\"https:\\\/\\\/www.dentalespace.com\\\/patient\\\/#\\\/schema\\\/person\\\/938f3c232493ea8c60bfd61b86814b89\",\"name\":\"Dentalespace\",\"image\":{\"@type\":\"ImageObject\",\"inLanguage\":\"fr-FR\",\"@id\":\"https:\\\/\\\/secure.gravatar.com\\\/avatar\\\/f47d53b08b42eda8a27dde37efcefa17f2e4c01a6a388b3444b6121ef46a49b7?s=96&d=mm&r=g\",\"url\":\"https:\\\/\\\/secure.gravatar.com\\\/avatar\\\/f47d53b08b42eda8a27dde37efcefa17f2e4c01a6a388b3444b6121ef46a49b7?s=96&d=mm&r=g\",\"contentUrl\":\"https:\\\/\\\/secure.gravatar.com\\\/avatar\\\/f47d53b08b42eda8a27dde37efcefa17f2e4c01a6a388b3444b6121ef46a49b7?s=96&d=mm&r=g\",\"caption\":\"Dentalespace\"},\"url\":\"https:\\\/\\\/www.dentalespace.com\\\/patient\\\/author\\\/dentalespacepatient\\\/\"}]}<\/script>\n<!-- \/ Yoast SEO plugin. -->","yoast_head_json":{"title":"La carie dentaire - Dentalespace","robots":{"index":"index","follow":"follow","max-snippet":"max-snippet:-1","max-image-preview":"max-image-preview:large","max-video-preview":"max-video-preview:-1"},"canonical":"https:\/\/www.dentalespace.com\/patient\/la-carie-dentaire\/","og_locale":"fr_FR","og_type":"article","og_title":"La carie dentaire - Dentalespace","og_url":"https:\/\/www.dentalespace.com\/patient\/la-carie-dentaire\/","og_site_name":"Dentalespace","article_publisher":"https:\/\/www.facebook.com\/dentalespacepro\/","article_published_time":"2017-04-20T23:39:45+00:00","article_modified_time":"2018-02-28T17:11:02+00:00","og_image":[{"width":100,"height":80,"url":"https:\/\/www.dentalespace.com\/patient\/wp-content\/uploads\/2017\/04\/23_small.jpg","type":"image\/jpeg"}],"author":"Dentalespace","twitter_card":"summary_large_image","twitter_misc":{"\u00c9crit par":"Dentalespace","Dur\u00e9e de lecture estim\u00e9e":"3 minutes"},"schema":{"@context":"https:\/\/schema.org","@graph":[{"@type":"Article","@id":"https:\/\/www.dentalespace.com\/patient\/la-carie-dentaire\/#article","isPartOf":{"@id":"https:\/\/www.dentalespace.com\/patient\/la-carie-dentaire\/"},"author":{"name":"Dentalespace","@id":"https:\/\/www.dentalespace.com\/patient\/#\/schema\/person\/938f3c232493ea8c60bfd61b86814b89"},"headline":"La carie dentaire","datePublished":"2017-04-20T23:39:45+00:00","dateModified":"2018-02-28T17:11:02+00:00","mainEntityOfPage":{"@id":"https:\/\/www.dentalespace.com\/patient\/la-carie-dentaire\/"},"wordCount":618,"commentCount":2,"publisher":{"@id":"https:\/\/www.dentalespace.com\/patient\/#organization"},"image":{"@id":"https:\/\/www.dentalespace.com\/patient\/la-carie-dentaire\/#primaryimage"},"thumbnailUrl":"https:\/\/www.dentalespace.com\/patient\/wp-content\/uploads\/2017\/04\/23_small.jpg","articleSection":["La Carie","Soins Dentaires"],"inLanguage":"fr-FR","potentialAction":[{"@type":"CommentAction","name":"Comment","target":["https:\/\/www.dentalespace.com\/patient\/la-carie-dentaire\/#respond"]}]},{"@type":"WebPage","@id":"https:\/\/www.dentalespace.com\/patient\/la-carie-dentaire\/","url":"https:\/\/www.dentalespace.com\/patient\/la-carie-dentaire\/","name":"La carie dentaire - Dentalespace","isPartOf":{"@id":"https:\/\/www.dentalespace.com\/patient\/#website"},"primaryImageOfPage":{"@id":"https:\/\/www.dentalespace.com\/patient\/la-carie-dentaire\/#primaryimage"},"image":{"@id":"https:\/\/www.dentalespace.com\/patient\/la-carie-dentaire\/#primaryimage"},"thumbnailUrl":"https:\/\/www.dentalespace.com\/patient\/wp-content\/uploads\/2017\/04\/23_small.jpg","datePublished":"2017-04-20T23:39:45+00:00","dateModified":"2018-02-28T17:11:02+00:00","inLanguage":"fr-FR","potentialAction":[{"@type":"ReadAction","target":["https:\/\/www.dentalespace.com\/patient\/la-carie-dentaire\/"]}]},{"@type":"ImageObject","inLanguage":"fr-FR","@id":"https:\/\/www.dentalespace.com\/patient\/la-carie-dentaire\/#primaryimage","url":"https:\/\/www.dentalespace.com\/patient\/wp-content\/uploads\/2017\/04\/23_small.jpg","contentUrl":"https:\/\/www.dentalespace.com\/patient\/wp-content\/uploads\/2017\/04\/23_small.jpg","width":100,"height":80},{"@type":"WebSite","@id":"https:\/\/www.dentalespace.com\/patient\/#website","url":"https:\/\/www.dentalespace.com\/patient\/","name":"Dentalespace","description":"Dentalespace Patient","publisher":{"@id":"https:\/\/www.dentalespace.com\/patient\/#organization"},"potentialAction":[{"@type":"SearchAction","target":{"@type":"EntryPoint","urlTemplate":"https:\/\/www.dentalespace.com\/patient\/?s={search_term_string}"},"query-input":{"@type":"PropertyValueSpecification","valueRequired":true,"valueName":"search_term_string"}}],"inLanguage":"fr-FR"},{"@type":"Organization","@id":"https:\/\/www.dentalespace.com\/patient\/#organization","name":"Dentalespace","url":"https:\/\/www.dentalespace.com\/patient\/","logo":{"@type":"ImageObject","inLanguage":"fr-FR","@id":"https:\/\/www.dentalespace.com\/patient\/#\/schema\/logo\/image\/","url":"https:\/\/www.dentalespace.com\/patient\/wp-content\/uploads\/2017\/04\/sign_dentalespace-GP.png","contentUrl":"https:\/\/www.dentalespace.com\/patient\/wp-content\/uploads\/2017\/04\/sign_dentalespace-GP.png","width":225,"height":51,"caption":"Dentalespace"},"image":{"@id":"https:\/\/www.dentalespace.com\/patient\/#\/schema\/logo\/image\/"},"sameAs":["https:\/\/www.facebook.com\/dentalespacepro\/","https:\/\/www.instagram.com\/dentalespace\/","https:\/\/www.youtube.com\/@dentalespace","https:\/\/www.linkedin.com\/company\/dentalespace\/","https:\/\/www.pinterest.com\/dentalespace\/"]},{"@type":"Person","@id":"https:\/\/www.dentalespace.com\/patient\/#\/schema\/person\/938f3c232493ea8c60bfd61b86814b89","name":"Dentalespace","image":{"@type":"ImageObject","inLanguage":"fr-FR","@id":"https:\/\/secure.gravatar.com\/avatar\/f47d53b08b42eda8a27dde37efcefa17f2e4c01a6a388b3444b6121ef46a49b7?s=96&d=mm&r=g","url":"https:\/\/secure.gravatar.com\/avatar\/f47d53b08b42eda8a27dde37efcefa17f2e4c01a6a388b3444b6121ef46a49b7?s=96&d=mm&r=g","contentUrl":"https:\/\/secure.gravatar.com\/avatar\/f47d53b08b42eda8a27dde37efcefa17f2e4c01a6a388b3444b6121ef46a49b7?s=96&d=mm&r=g","caption":"Dentalespace"},"url":"https:\/\/www.dentalespace.com\/patient\/author\/dentalespacepatient\/"}]}},"_links":{"self":[{"href":"https:\/\/www.dentalespace.com\/patient\/wp-json\/wp\/v2\/posts\/248","targetHints":{"allow":["GET"]}}],"collection":[{"href":"https:\/\/www.dentalespace.com\/patient\/wp-json\/wp\/v2\/posts"}],"about":[{"href":"https:\/\/www.dentalespace.com\/patient\/wp-json\/wp\/v2\/types\/post"}],"author":[{"embeddable":true,"href":"https:\/\/www.dentalespace.com\/patient\/wp-json\/wp\/v2\/users\/1"}],"replies":[{"embeddable":true,"href":"https:\/\/www.dentalespace.com\/patient\/wp-json\/wp\/v2\/comments?post=248"}],"version-history":[{"count":9,"href":"https:\/\/www.dentalespace.com\/patient\/wp-json\/wp\/v2\/posts\/248\/revisions"}],"predecessor-version":[{"id":1630,"href":"https:\/\/www.dentalespace.com\/patient\/wp-json\/wp\/v2\/posts\/248\/revisions\/1630"}],"wp:featuredmedia":[{"embeddable":true,"href":"https:\/\/www.dentalespace.com\/patient\/wp-json\/wp\/v2\/media\/543"}],"wp:attachment":[{"href":"https:\/\/www.dentalespace.com\/patient\/wp-json\/wp\/v2\/media?parent=248"}],"wp:term":[{"taxonomy":"category","embeddable":true,"href":"https:\/\/www.dentalespace.com\/patient\/wp-json\/wp\/v2\/categories?post=248"},{"taxonomy":"post_tag","embeddable":true,"href":"https:\/\/www.dentalespace.com\/patient\/wp-json\/wp\/v2\/tags?post=248"}],"curies":[{"name":"wp","href":"https:\/\/api.w.org\/{rel}","templated":true}]}}