{"id":3961,"date":"2024-12-09T10:00:52","date_gmt":"2024-12-09T09:00:52","guid":{"rendered":"https:\/\/www.dentalespace.com\/patient\/?p=3961"},"modified":"2024-12-09T10:24:06","modified_gmt":"2024-12-09T09:24:06","slug":"comment-prevenir-lapparition-de-caries","status":"publish","type":"post","link":"https:\/\/www.dentalespace.com\/patient\/comment-prevenir-lapparition-de-caries\/","title":{"rendered":"Comment pr\u00e9venir l\u2019apparition de caries\u00a0?"},"content":{"rendered":"\n<p>Saviez-vous que les caries dentaires repr\u00e9sentent <strong>l&rsquo;une des principales causes d&rsquo;hospitalisation chez les enfants<\/strong>\u2026 Il faut savoir que <strong>56% des enfants qui ont des caries sur leurs dents de lait d\u00e9veloppent des caries sur leurs dents d\u00e9finitives*<\/strong>. <\/p>\n\n\n\n<p>Face \u00e0 cette r\u00e9alit\u00e9, Oral-B s\u2019engage activement dans la pr\u00e9vention et l\u2019\u00e9ducation en collaborant avec Dr Camelot, chirurgien-dentiste, pour proposer des solutions concr\u00e8tes.<\/p>\n\n\n\n<figure class=\"wp-block-image size-full is-resized\"><img loading=\"lazy\" decoding=\"async\" width=\"800\" height=\"422\" src=\"https:\/\/www.dentalespace.com\/patient\/wp-content\/uploads\/2024\/11\/photos-articles-GP-caries-oral-B-for-kids-kids-smile.jpg\" alt=\"\" class=\"wp-image-3964\" style=\"width:856px;height:auto\" srcset=\"https:\/\/www.dentalespace.com\/patient\/wp-content\/uploads\/2024\/11\/photos-articles-GP-caries-oral-B-for-kids-kids-smile.jpg 800w, https:\/\/www.dentalespace.com\/patient\/wp-content\/uploads\/2024\/11\/photos-articles-GP-caries-oral-B-for-kids-kids-smile-300x158.jpg 300w, https:\/\/www.dentalespace.com\/patient\/wp-content\/uploads\/2024\/11\/photos-articles-GP-caries-oral-B-for-kids-kids-smile-768x405.jpg 768w, https:\/\/www.dentalespace.com\/patient\/wp-content\/uploads\/2024\/11\/photos-articles-GP-caries-oral-B-for-kids-kids-smile-610x322.jpg 610w\" sizes=\"(max-width: 800px) 100vw, 800px\" \/><\/figure>\n\n\n\n<p><\/p>\n\n\n\n<p>Dans le cadre de cette initiative, <strong>Oral-B pr\u00e9sente le kit p\u00e9dagogique \u00ab Capitaine Carie \u00bb<\/strong>, un outil ludique et \u00e9ducatif destin\u00e9 \u00e0 inciter les enfants et leurs parents \u00e0 adopter de meilleures habitudes d\u2019hygi\u00e8ne bucco-dentaire. Ce kit comprend des jeux et des astuces pratiques pour transformer les bons gestes en une routine quotidienne simple et amusante. Il propose \u00e9galement <strong>un calendrier de brossage et des conseils permettant aux parents de suivre les progr\u00e8s de leurs enfants.<\/strong><br>Ce kit est offert pour tout achat d\u2019une brosse \u00e0 dents \u00e9lectrique enfant sur le site <a href=\"https:\/\/www.oralb.fr\/fr-fr\/\" target=\"_blank\" rel=\"noreferrer noopener\">www.oralb.fr\/<\/a> ou en pharmacie.<\/p>\n\n\n\n<figure class=\"wp-block-image size-full\"><img loading=\"lazy\" decoding=\"async\" width=\"800\" height=\"422\" src=\"https:\/\/www.dentalespace.com\/patient\/wp-content\/uploads\/2024\/11\/photos-articles-GP-caries-oral-B-for-kids-capitaine-caries.jpg\" alt=\"\" class=\"wp-image-3967\" srcset=\"https:\/\/www.dentalespace.com\/patient\/wp-content\/uploads\/2024\/11\/photos-articles-GP-caries-oral-B-for-kids-capitaine-caries.jpg 800w, https:\/\/www.dentalespace.com\/patient\/wp-content\/uploads\/2024\/11\/photos-articles-GP-caries-oral-B-for-kids-capitaine-caries-300x158.jpg 300w, https:\/\/www.dentalespace.com\/patient\/wp-content\/uploads\/2024\/11\/photos-articles-GP-caries-oral-B-for-kids-capitaine-caries-768x405.jpg 768w, https:\/\/www.dentalespace.com\/patient\/wp-content\/uploads\/2024\/11\/photos-articles-GP-caries-oral-B-for-kids-capitaine-caries-610x322.jpg 610w\" sizes=\"(max-width: 800px) 100vw, 800px\" \/><\/figure>\n\n\n\n<p><\/p>\n\n\n\n<p><\/p>\n\n\n\n<h2 class=\"wp-block-heading\">Le brossage des dents devient ludique<\/h2>\n\n\n\n<p><\/p>\n\n\n\n<p><strong>Par ailleurs, Oral-B met \u00e0 disposition une gamme de brosses \u00e0 dents \u00e9lectriques sp\u00e9cialement d\u00e9velopp\u00e9es pour les enfants, \u00e0 partir de 3 ans.<\/strong> Dot\u00e9es de la technologie 2D, combinant oscillations et rotations, ces brosses \u00e9liminent jusqu\u2019\u00e0 100 % de plaque dentaire en plus par rapport aux brosses manuelles classiques. Elles constituent ainsi un atout pr\u00e9cieux pour une hygi\u00e8ne bucco-dentaire optimale chez les plus jeunes.<\/p>\n\n\n\n<p><strong>Pour rendre ces outils encore plus attractifs, Oral-B a r\u00e9cemment introduit une version \u00e0 l\u2019effigie du Roi Lion dans sa gamme de brosses \u00e0 dents \u00e9lectriques pour enfants<\/strong>, un design ludique qui motive les petits \u00e0 adopter les bons r\u00e9flexes d\u00e8s leur plus jeune \u00e2ge. L\u2019exp\u00e9rience devient encore plus ludique avec l\u2019application Disney Magic Timer.<\/p>\n\n\n\n<figure class=\"wp-block-image size-full\"><img loading=\"lazy\" decoding=\"async\" width=\"800\" height=\"422\" src=\"https:\/\/www.dentalespace.com\/patient\/wp-content\/uploads\/2024\/11\/photos-articles-GP-caries-oral-B-for-kids-1.jpg\" alt=\"\" class=\"wp-image-3966\" srcset=\"https:\/\/www.dentalespace.com\/patient\/wp-content\/uploads\/2024\/11\/photos-articles-GP-caries-oral-B-for-kids-1.jpg 800w, https:\/\/www.dentalespace.com\/patient\/wp-content\/uploads\/2024\/11\/photos-articles-GP-caries-oral-B-for-kids-1-300x158.jpg 300w, https:\/\/www.dentalespace.com\/patient\/wp-content\/uploads\/2024\/11\/photos-articles-GP-caries-oral-B-for-kids-1-768x405.jpg 768w, https:\/\/www.dentalespace.com\/patient\/wp-content\/uploads\/2024\/11\/photos-articles-GP-caries-oral-B-for-kids-1-610x322.jpg 610w\" sizes=\"(max-width: 800px) 100vw, 800px\" \/><\/figure>\n\n\n\n<p><strong>Avec ces initiatives, Oral-B affirme sa volont\u00e9 de contribuer \u00e0 une meilleure sant\u00e9 bucco-dentaire pour les enfants, en rendant l\u2019apprentissage des bonnes pratiques aussi efficace que plaisant.<\/strong><\/p>\n\n\n\n<p><em>*Hall-Scullin et al. Journal of Dental Research 2017, Vol. 96(7) 762\u2013767<\/em>.<\/p>\n\n\n\n<p><\/p>\n\n\n\n<hr class=\"wp-block-separator has-alpha-channel-opacity\"\/>\n\n\n\n<p><\/p>\n\n\n\n<p><strong>Cet article vous est propos\u00e9 par<\/strong> <a href=\"https:\/\/www.oralb.fr\/fr-fr\/\" target=\"_blank\" rel=\"noreferrer noopener\">OralB<\/a>.<\/p>\n","protected":false},"excerpt":{"rendered":"<p>Saviez-vous que les caries dentaires repr\u00e9sentent l&rsquo;une des principales causes d&rsquo;hospitalisation chez les enfants\u2026 Il faut savoir que 56% des enfants qui ont des caries sur leurs dents de lait d\u00e9veloppent des caries sur leurs dents d\u00e9finitives*. Face \u00e0 cette r\u00e9alit\u00e9, Oral-B s\u2019engage activement dans la pr\u00e9vention et l\u2019\u00e9ducation en collaborant avec Dr Camelot, chirurgien-dentiste, [&hellip;]<\/p>\n","protected":false},"author":1,"featured_media":3982,"comment_status":"open","ping_status":"closed","sticky":false,"template":"","format":"standard","meta":{"_bbp_topic_count":0,"_bbp_reply_count":0,"_bbp_total_topic_count":0,"_bbp_total_reply_count":0,"_bbp_voice_count":0,"_bbp_anonymous_reply_count":0,"_bbp_topic_count_hidden":0,"_bbp_reply_count_hidden":0,"_bbp_forum_subforum_count":0,"_et_pb_use_builder":"off","_et_pb_old_content":"","_et_gb_content_width":"","footnotes":""},"categories":[3],"tags":[199,201,262,206,198,188,190],"class_list":["post-3961","post","type-post","status-publish","format-standard","has-post-thumbnail","hentry","category-hygiene-bucco","tag-dent","tag-dents","tag-email","tag-enfant","tag-hygiene-bucco-dentaire","tag-prevention","tag-prevention-dentaire","et-has-post-format-content","et_post_format-et-post-format-standard"],"yoast_head":"<!-- This site is optimized with the Yoast SEO plugin v27.5 - https:\/\/yoast.com\/product\/yoast-seo-wordpress\/ -->\n<title>Comment pr\u00e9venir l\u2019apparition de caries\u00a0? - Dentalespace<\/title>\n<meta name=\"description\" content=\"Les caries repr\u00e9sentent l&#039;une des principales causes d&#039;hospitalisation chez les enfants. Oral-B s\u2019engage \u00e0 proposer des solutions concr\u00e8tes.\" \/>\n<meta name=\"robots\" content=\"index, follow, max-snippet:-1, max-image-preview:large, max-video-preview:-1\" \/>\n<link rel=\"canonical\" href=\"https:\/\/www.dentalespace.com\/patient\/comment-prevenir-lapparition-de-caries\/\" \/>\n<meta property=\"og:locale\" content=\"fr_FR\" \/>\n<meta property=\"og:type\" content=\"article\" \/>\n<meta property=\"og:title\" content=\"Comment pr\u00e9venir l\u2019apparition de caries\u00a0? - Dentalespace\" \/>\n<meta property=\"og:description\" content=\"Les caries repr\u00e9sentent l&#039;une des principales causes d&#039;hospitalisation chez les enfants. Oral-B s\u2019engage \u00e0 proposer des solutions concr\u00e8tes.\" \/>\n<meta property=\"og:url\" content=\"https:\/\/www.dentalespace.com\/patient\/comment-prevenir-lapparition-de-caries\/\" \/>\n<meta property=\"og:site_name\" content=\"Dentalespace\" \/>\n<meta property=\"article:publisher\" content=\"https:\/\/www.facebook.com\/dentalespacepro\/\" \/>\n<meta property=\"article:published_time\" content=\"2024-12-09T09:00:52+00:00\" \/>\n<meta property=\"article:modified_time\" content=\"2024-12-09T09:24:06+00:00\" \/>\n<meta property=\"og:image\" content=\"https:\/\/www.dentalespace.com\/patient\/wp-content\/uploads\/2024\/12\/Vignette-caries-Oral-B-for-kids.jpg\" \/>\n\t<meta property=\"og:image:width\" content=\"350\" \/>\n\t<meta property=\"og:image:height\" content=\"220\" \/>\n\t<meta property=\"og:image:type\" content=\"image\/jpeg\" \/>\n<meta name=\"author\" content=\"Dentalespace\" \/>\n<meta name=\"twitter:card\" content=\"summary_large_image\" \/>\n<meta name=\"twitter:label1\" content=\"\u00c9crit par\" \/>\n\t<meta name=\"twitter:data1\" content=\"Dentalespace\" \/>\n\t<meta name=\"twitter:label2\" content=\"Dur\u00e9e de lecture estim\u00e9e\" \/>\n\t<meta name=\"twitter:data2\" content=\"3 minutes\" \/>\n<script type=\"application\/ld+json\" class=\"yoast-schema-graph\">{\"@context\":\"https:\\\/\\\/schema.org\",\"@graph\":[{\"@type\":\"Article\",\"@id\":\"https:\\\/\\\/www.dentalespace.com\\\/patient\\\/comment-prevenir-lapparition-de-caries\\\/#article\",\"isPartOf\":{\"@id\":\"https:\\\/\\\/www.dentalespace.com\\\/patient\\\/comment-prevenir-lapparition-de-caries\\\/\"},\"author\":{\"name\":\"Dentalespace\",\"@id\":\"https:\\\/\\\/www.dentalespace.com\\\/patient\\\/#\\\/schema\\\/person\\\/938f3c232493ea8c60bfd61b86814b89\"},\"headline\":\"Comment pr\u00e9venir l\u2019apparition de caries\u00a0?\",\"datePublished\":\"2024-12-09T09:00:52+00:00\",\"dateModified\":\"2024-12-09T09:24:06+00:00\",\"mainEntityOfPage\":{\"@id\":\"https:\\\/\\\/www.dentalespace.com\\\/patient\\\/comment-prevenir-lapparition-de-caries\\\/\"},\"wordCount\":343,\"commentCount\":0,\"publisher\":{\"@id\":\"https:\\\/\\\/www.dentalespace.com\\\/patient\\\/#organization\"},\"image\":{\"@id\":\"https:\\\/\\\/www.dentalespace.com\\\/patient\\\/comment-prevenir-lapparition-de-caries\\\/#primaryimage\"},\"thumbnailUrl\":\"https:\\\/\\\/www.dentalespace.com\\\/patient\\\/wp-content\\\/uploads\\\/2024\\\/12\\\/Vignette-caries-Oral-B-for-kids.jpg\",\"keywords\":[\"dent\",\"dents\",\"\u00e9mail\",\"enfant\",\"hygi\u00e8ne bucco-dentaire\",\"pr\u00e9vention\",\"pr\u00e9vention dentaire\"],\"articleSection\":[\"L'hygi\u00e8ne bucco-dentaire\"],\"inLanguage\":\"fr-FR\",\"potentialAction\":[{\"@type\":\"CommentAction\",\"name\":\"Comment\",\"target\":[\"https:\\\/\\\/www.dentalespace.com\\\/patient\\\/comment-prevenir-lapparition-de-caries\\\/#respond\"]}]},{\"@type\":\"WebPage\",\"@id\":\"https:\\\/\\\/www.dentalespace.com\\\/patient\\\/comment-prevenir-lapparition-de-caries\\\/\",\"url\":\"https:\\\/\\\/www.dentalespace.com\\\/patient\\\/comment-prevenir-lapparition-de-caries\\\/\",\"name\":\"Comment pr\u00e9venir l\u2019apparition de caries\u00a0? - Dentalespace\",\"isPartOf\":{\"@id\":\"https:\\\/\\\/www.dentalespace.com\\\/patient\\\/#website\"},\"primaryImageOfPage\":{\"@id\":\"https:\\\/\\\/www.dentalespace.com\\\/patient\\\/comment-prevenir-lapparition-de-caries\\\/#primaryimage\"},\"image\":{\"@id\":\"https:\\\/\\\/www.dentalespace.com\\\/patient\\\/comment-prevenir-lapparition-de-caries\\\/#primaryimage\"},\"thumbnailUrl\":\"https:\\\/\\\/www.dentalespace.com\\\/patient\\\/wp-content\\\/uploads\\\/2024\\\/12\\\/Vignette-caries-Oral-B-for-kids.jpg\",\"datePublished\":\"2024-12-09T09:00:52+00:00\",\"dateModified\":\"2024-12-09T09:24:06+00:00\",\"description\":\"Les caries repr\u00e9sentent l'une des principales causes d'hospitalisation chez les enfants. Oral-B s\u2019engage \u00e0 proposer des solutions concr\u00e8tes.\",\"inLanguage\":\"fr-FR\",\"potentialAction\":[{\"@type\":\"ReadAction\",\"target\":[\"https:\\\/\\\/www.dentalespace.com\\\/patient\\\/comment-prevenir-lapparition-de-caries\\\/\"]}]},{\"@type\":\"ImageObject\",\"inLanguage\":\"fr-FR\",\"@id\":\"https:\\\/\\\/www.dentalespace.com\\\/patient\\\/comment-prevenir-lapparition-de-caries\\\/#primaryimage\",\"url\":\"https:\\\/\\\/www.dentalespace.com\\\/patient\\\/wp-content\\\/uploads\\\/2024\\\/12\\\/Vignette-caries-Oral-B-for-kids.jpg\",\"contentUrl\":\"https:\\\/\\\/www.dentalespace.com\\\/patient\\\/wp-content\\\/uploads\\\/2024\\\/12\\\/Vignette-caries-Oral-B-for-kids.jpg\",\"width\":350,\"height\":220},{\"@type\":\"WebSite\",\"@id\":\"https:\\\/\\\/www.dentalespace.com\\\/patient\\\/#website\",\"url\":\"https:\\\/\\\/www.dentalespace.com\\\/patient\\\/\",\"name\":\"Dentalespace\",\"description\":\"Dentalespace Patient\",\"publisher\":{\"@id\":\"https:\\\/\\\/www.dentalespace.com\\\/patient\\\/#organization\"},\"potentialAction\":[{\"@type\":\"SearchAction\",\"target\":{\"@type\":\"EntryPoint\",\"urlTemplate\":\"https:\\\/\\\/www.dentalespace.com\\\/patient\\\/?s={search_term_string}\"},\"query-input\":{\"@type\":\"PropertyValueSpecification\",\"valueRequired\":true,\"valueName\":\"search_term_string\"}}],\"inLanguage\":\"fr-FR\"},{\"@type\":\"Organization\",\"@id\":\"https:\\\/\\\/www.dentalespace.com\\\/patient\\\/#organization\",\"name\":\"Dentalespace\",\"url\":\"https:\\\/\\\/www.dentalespace.com\\\/patient\\\/\",\"logo\":{\"@type\":\"ImageObject\",\"inLanguage\":\"fr-FR\",\"@id\":\"https:\\\/\\\/www.dentalespace.com\\\/patient\\\/#\\\/schema\\\/logo\\\/image\\\/\",\"url\":\"https:\\\/\\\/www.dentalespace.com\\\/patient\\\/wp-content\\\/uploads\\\/2017\\\/04\\\/sign_dentalespace-GP.png\",\"contentUrl\":\"https:\\\/\\\/www.dentalespace.com\\\/patient\\\/wp-content\\\/uploads\\\/2017\\\/04\\\/sign_dentalespace-GP.png\",\"width\":225,\"height\":51,\"caption\":\"Dentalespace\"},\"image\":{\"@id\":\"https:\\\/\\\/www.dentalespace.com\\\/patient\\\/#\\\/schema\\\/logo\\\/image\\\/\"},\"sameAs\":[\"https:\\\/\\\/www.facebook.com\\\/dentalespacepro\\\/\",\"https:\\\/\\\/www.instagram.com\\\/dentalespace\\\/\",\"https:\\\/\\\/www.youtube.com\\\/@dentalespace\",\"https:\\\/\\\/www.linkedin.com\\\/company\\\/dentalespace\\\/\",\"https:\\\/\\\/www.pinterest.com\\\/dentalespace\\\/\"]},{\"@type\":\"Person\",\"@id\":\"https:\\\/\\\/www.dentalespace.com\\\/patient\\\/#\\\/schema\\\/person\\\/938f3c232493ea8c60bfd61b86814b89\",\"name\":\"Dentalespace\",\"image\":{\"@type\":\"ImageObject\",\"inLanguage\":\"fr-FR\",\"@id\":\"https:\\\/\\\/secure.gravatar.com\\\/avatar\\\/f47d53b08b42eda8a27dde37efcefa17f2e4c01a6a388b3444b6121ef46a49b7?s=96&d=mm&r=g\",\"url\":\"https:\\\/\\\/secure.gravatar.com\\\/avatar\\\/f47d53b08b42eda8a27dde37efcefa17f2e4c01a6a388b3444b6121ef46a49b7?s=96&d=mm&r=g\",\"contentUrl\":\"https:\\\/\\\/secure.gravatar.com\\\/avatar\\\/f47d53b08b42eda8a27dde37efcefa17f2e4c01a6a388b3444b6121ef46a49b7?s=96&d=mm&r=g\",\"caption\":\"Dentalespace\"},\"url\":\"https:\\\/\\\/www.dentalespace.com\\\/patient\\\/author\\\/dentalespacepatient\\\/\"}]}<\/script>\n<!-- \/ Yoast SEO plugin. -->","yoast_head_json":{"title":"Comment pr\u00e9venir l\u2019apparition de caries\u00a0? - Dentalespace","description":"Les caries repr\u00e9sentent l'une des principales causes d'hospitalisation chez les enfants. Oral-B s\u2019engage \u00e0 proposer des solutions concr\u00e8tes.","robots":{"index":"index","follow":"follow","max-snippet":"max-snippet:-1","max-image-preview":"max-image-preview:large","max-video-preview":"max-video-preview:-1"},"canonical":"https:\/\/www.dentalespace.com\/patient\/comment-prevenir-lapparition-de-caries\/","og_locale":"fr_FR","og_type":"article","og_title":"Comment pr\u00e9venir l\u2019apparition de caries\u00a0? - Dentalespace","og_description":"Les caries repr\u00e9sentent l'une des principales causes d'hospitalisation chez les enfants. Oral-B s\u2019engage \u00e0 proposer des solutions concr\u00e8tes.","og_url":"https:\/\/www.dentalespace.com\/patient\/comment-prevenir-lapparition-de-caries\/","og_site_name":"Dentalespace","article_publisher":"https:\/\/www.facebook.com\/dentalespacepro\/","article_published_time":"2024-12-09T09:00:52+00:00","article_modified_time":"2024-12-09T09:24:06+00:00","og_image":[{"width":350,"height":220,"url":"https:\/\/www.dentalespace.com\/patient\/wp-content\/uploads\/2024\/12\/Vignette-caries-Oral-B-for-kids.jpg","type":"image\/jpeg"}],"author":"Dentalespace","twitter_card":"summary_large_image","twitter_misc":{"\u00c9crit par":"Dentalespace","Dur\u00e9e de lecture estim\u00e9e":"3 minutes"},"schema":{"@context":"https:\/\/schema.org","@graph":[{"@type":"Article","@id":"https:\/\/www.dentalespace.com\/patient\/comment-prevenir-lapparition-de-caries\/#article","isPartOf":{"@id":"https:\/\/www.dentalespace.com\/patient\/comment-prevenir-lapparition-de-caries\/"},"author":{"name":"Dentalespace","@id":"https:\/\/www.dentalespace.com\/patient\/#\/schema\/person\/938f3c232493ea8c60bfd61b86814b89"},"headline":"Comment pr\u00e9venir l\u2019apparition de caries\u00a0?","datePublished":"2024-12-09T09:00:52+00:00","dateModified":"2024-12-09T09:24:06+00:00","mainEntityOfPage":{"@id":"https:\/\/www.dentalespace.com\/patient\/comment-prevenir-lapparition-de-caries\/"},"wordCount":343,"commentCount":0,"publisher":{"@id":"https:\/\/www.dentalespace.com\/patient\/#organization"},"image":{"@id":"https:\/\/www.dentalespace.com\/patient\/comment-prevenir-lapparition-de-caries\/#primaryimage"},"thumbnailUrl":"https:\/\/www.dentalespace.com\/patient\/wp-content\/uploads\/2024\/12\/Vignette-caries-Oral-B-for-kids.jpg","keywords":["dent","dents","\u00e9mail","enfant","hygi\u00e8ne bucco-dentaire","pr\u00e9vention","pr\u00e9vention dentaire"],"articleSection":["L'hygi\u00e8ne bucco-dentaire"],"inLanguage":"fr-FR","potentialAction":[{"@type":"CommentAction","name":"Comment","target":["https:\/\/www.dentalespace.com\/patient\/comment-prevenir-lapparition-de-caries\/#respond"]}]},{"@type":"WebPage","@id":"https:\/\/www.dentalespace.com\/patient\/comment-prevenir-lapparition-de-caries\/","url":"https:\/\/www.dentalespace.com\/patient\/comment-prevenir-lapparition-de-caries\/","name":"Comment pr\u00e9venir l\u2019apparition de caries\u00a0? - Dentalespace","isPartOf":{"@id":"https:\/\/www.dentalespace.com\/patient\/#website"},"primaryImageOfPage":{"@id":"https:\/\/www.dentalespace.com\/patient\/comment-prevenir-lapparition-de-caries\/#primaryimage"},"image":{"@id":"https:\/\/www.dentalespace.com\/patient\/comment-prevenir-lapparition-de-caries\/#primaryimage"},"thumbnailUrl":"https:\/\/www.dentalespace.com\/patient\/wp-content\/uploads\/2024\/12\/Vignette-caries-Oral-B-for-kids.jpg","datePublished":"2024-12-09T09:00:52+00:00","dateModified":"2024-12-09T09:24:06+00:00","description":"Les caries repr\u00e9sentent l'une des principales causes d'hospitalisation chez les enfants. Oral-B s\u2019engage \u00e0 proposer des solutions concr\u00e8tes.","inLanguage":"fr-FR","potentialAction":[{"@type":"ReadAction","target":["https:\/\/www.dentalespace.com\/patient\/comment-prevenir-lapparition-de-caries\/"]}]},{"@type":"ImageObject","inLanguage":"fr-FR","@id":"https:\/\/www.dentalespace.com\/patient\/comment-prevenir-lapparition-de-caries\/#primaryimage","url":"https:\/\/www.dentalespace.com\/patient\/wp-content\/uploads\/2024\/12\/Vignette-caries-Oral-B-for-kids.jpg","contentUrl":"https:\/\/www.dentalespace.com\/patient\/wp-content\/uploads\/2024\/12\/Vignette-caries-Oral-B-for-kids.jpg","width":350,"height":220},{"@type":"WebSite","@id":"https:\/\/www.dentalespace.com\/patient\/#website","url":"https:\/\/www.dentalespace.com\/patient\/","name":"Dentalespace","description":"Dentalespace Patient","publisher":{"@id":"https:\/\/www.dentalespace.com\/patient\/#organization"},"potentialAction":[{"@type":"SearchAction","target":{"@type":"EntryPoint","urlTemplate":"https:\/\/www.dentalespace.com\/patient\/?s={search_term_string}"},"query-input":{"@type":"PropertyValueSpecification","valueRequired":true,"valueName":"search_term_string"}}],"inLanguage":"fr-FR"},{"@type":"Organization","@id":"https:\/\/www.dentalespace.com\/patient\/#organization","name":"Dentalespace","url":"https:\/\/www.dentalespace.com\/patient\/","logo":{"@type":"ImageObject","inLanguage":"fr-FR","@id":"https:\/\/www.dentalespace.com\/patient\/#\/schema\/logo\/image\/","url":"https:\/\/www.dentalespace.com\/patient\/wp-content\/uploads\/2017\/04\/sign_dentalespace-GP.png","contentUrl":"https:\/\/www.dentalespace.com\/patient\/wp-content\/uploads\/2017\/04\/sign_dentalespace-GP.png","width":225,"height":51,"caption":"Dentalespace"},"image":{"@id":"https:\/\/www.dentalespace.com\/patient\/#\/schema\/logo\/image\/"},"sameAs":["https:\/\/www.facebook.com\/dentalespacepro\/","https:\/\/www.instagram.com\/dentalespace\/","https:\/\/www.youtube.com\/@dentalespace","https:\/\/www.linkedin.com\/company\/dentalespace\/","https:\/\/www.pinterest.com\/dentalespace\/"]},{"@type":"Person","@id":"https:\/\/www.dentalespace.com\/patient\/#\/schema\/person\/938f3c232493ea8c60bfd61b86814b89","name":"Dentalespace","image":{"@type":"ImageObject","inLanguage":"fr-FR","@id":"https:\/\/secure.gravatar.com\/avatar\/f47d53b08b42eda8a27dde37efcefa17f2e4c01a6a388b3444b6121ef46a49b7?s=96&d=mm&r=g","url":"https:\/\/secure.gravatar.com\/avatar\/f47d53b08b42eda8a27dde37efcefa17f2e4c01a6a388b3444b6121ef46a49b7?s=96&d=mm&r=g","contentUrl":"https:\/\/secure.gravatar.com\/avatar\/f47d53b08b42eda8a27dde37efcefa17f2e4c01a6a388b3444b6121ef46a49b7?s=96&d=mm&r=g","caption":"Dentalespace"},"url":"https:\/\/www.dentalespace.com\/patient\/author\/dentalespacepatient\/"}]}},"_links":{"self":[{"href":"https:\/\/www.dentalespace.com\/patient\/wp-json\/wp\/v2\/posts\/3961","targetHints":{"allow":["GET"]}}],"collection":[{"href":"https:\/\/www.dentalespace.com\/patient\/wp-json\/wp\/v2\/posts"}],"about":[{"href":"https:\/\/www.dentalespace.com\/patient\/wp-json\/wp\/v2\/types\/post"}],"author":[{"embeddable":true,"href":"https:\/\/www.dentalespace.com\/patient\/wp-json\/wp\/v2\/users\/1"}],"replies":[{"embeddable":true,"href":"https:\/\/www.dentalespace.com\/patient\/wp-json\/wp\/v2\/comments?post=3961"}],"version-history":[{"count":9,"href":"https:\/\/www.dentalespace.com\/patient\/wp-json\/wp\/v2\/posts\/3961\/revisions"}],"predecessor-version":[{"id":3981,"href":"https:\/\/www.dentalespace.com\/patient\/wp-json\/wp\/v2\/posts\/3961\/revisions\/3981"}],"wp:featuredmedia":[{"embeddable":true,"href":"https:\/\/www.dentalespace.com\/patient\/wp-json\/wp\/v2\/media\/3982"}],"wp:attachment":[{"href":"https:\/\/www.dentalespace.com\/patient\/wp-json\/wp\/v2\/media?parent=3961"}],"wp:term":[{"taxonomy":"category","embeddable":true,"href":"https:\/\/www.dentalespace.com\/patient\/wp-json\/wp\/v2\/categories?post=3961"},{"taxonomy":"post_tag","embeddable":true,"href":"https:\/\/www.dentalespace.com\/patient\/wp-json\/wp\/v2\/tags?post=3961"}],"curies":[{"name":"wp","href":"https:\/\/api.w.org\/{rel}","templated":true}]}}