{"id":4567,"date":"2025-06-30T10:10:53","date_gmt":"2025-06-30T08:10:53","guid":{"rendered":"https:\/\/www.dentalespace.com\/patient\/?p=4567"},"modified":"2025-06-30T10:12:49","modified_gmt":"2025-06-30T08:12:49","slug":"la-secheresse-buccale","status":"publish","type":"post","link":"https:\/\/www.dentalespace.com\/patient\/la-secheresse-buccale\/","title":{"rendered":"La s\u00e9cheresse buccale"},"content":{"rendered":"\n<p>La s\u00e9cheresse buccale ou <strong>x\u00e9rostomie<\/strong> est un trouble courant, en particulier chez les personnes \u00e2g\u00e9es ou celles atteintes de certaines maladies. Ce ph\u00e9nom\u00e8ne, souvent per\u00e7u comme un simple d\u00e9sagr\u00e9ment, peut en r\u00e9alit\u00e9 avoir des cons\u00e9quences importantes sur la sant\u00e9 bucco-dentaire s\u2019il n\u2019est pas correctement pris en charge.<\/p>\n\n\n\n<figure class=\"wp-block-image size-full is-resized\"><img loading=\"lazy\" decoding=\"async\" width=\"800\" height=\"443\" src=\"https:\/\/www.dentalespace.com\/patient\/wp-content\/uploads\/2025\/06\/Photos-GP-secheresse-buccale-monsieur.webp\" alt=\"\" class=\"wp-image-4579\" style=\"width:856px;height:auto\" srcset=\"https:\/\/www.dentalespace.com\/patient\/wp-content\/uploads\/2025\/06\/Photos-GP-secheresse-buccale-monsieur.webp 800w, https:\/\/www.dentalespace.com\/patient\/wp-content\/uploads\/2025\/06\/Photos-GP-secheresse-buccale-monsieur-300x166.webp 300w, https:\/\/www.dentalespace.com\/patient\/wp-content\/uploads\/2025\/06\/Photos-GP-secheresse-buccale-monsieur-768x425.webp 768w, https:\/\/www.dentalespace.com\/patient\/wp-content\/uploads\/2025\/06\/Photos-GP-secheresse-buccale-monsieur-610x338.webp 610w\" sizes=\"(max-width: 800px) 100vw, 800px\" \/><\/figure>\n\n\n\n<p><\/p>\n\n\n\n<h2 class=\"wp-block-heading has-vivid-cyan-blue-color has-text-color has-link-color wp-elements-d2afc1feec27faec189803dea1cf915b\">Qu\u2019est-ce que la s\u00e9cheresse buccale ?<\/h2>\n\n\n\n<p><strong>IL s&rsquo;agit de la diminution anormale de la s\u00e9cr\u00e9tion salivaire<\/strong>. Or, la salive joue un r\u00f4le essentiel dans la digestion, la protection des dents, la lubrification des muqueuses et le maintien d\u2019un bon \u00e9quilibre bact\u00e9rien dans la bouche. Lorsqu\u2019elle vient \u00e0 manquer, l\u2019ensemble du syst\u00e8me bucco-dentaire peut en p\u00e2tir.<\/p>\n\n\n\n<p><\/p>\n\n\n\n<h2 class=\"wp-block-heading has-vivid-cyan-blue-color has-text-color has-link-color wp-elements-ed820137d692115d165b0a4c1c345f0a\">Quels sont les sympt\u00f4mes ?<\/h2>\n\n\n\n<p>Les signes de la s\u00e9cheresse buccale peuvent \u00eatre tr\u00e8s vari\u00e9s :<\/p>\n\n\n\n<ul class=\"wp-block-list\">\n<li>Sensation de bouche p\u00e2teuse, collante ou s\u00e8che, en particulier la nuit ou au r\u00e9veil.<\/li>\n\n\n\n<li>Difficult\u00e9s \u00e0 parler, m\u00e2cher ou avaler.<\/li>\n\n\n\n<li>Alt\u00e9ration du go\u00fbt ou go\u00fbt m\u00e9tallique persistant.<\/li>\n\n\n\n<li>Langue s\u00e8che, rouge ou irrit\u00e9e.<\/li>\n\n\n\n<li>Mauvaise haleine fr\u00e9quente.<\/li>\n\n\n\n<li>Infections buccales r\u00e9p\u00e9t\u00e9es, comme des mycoses.<\/li>\n<\/ul>\n\n\n\n<p><\/p>\n\n\n\n<h2 class=\"wp-block-heading has-vivid-cyan-blue-color has-text-color has-link-color wp-elements-3a65e78b546272a7aa5c155aa32549c5\">Quelles sont les complications ?<\/h2>\n\n\n\n<p><strong>Non trait\u00e9e, la s\u00e9cheresse buccale peut fragiliser les dents et les gencives, augmentant le risque de caries et de <a href=\"https:\/\/www.dentalespace.com\/patient\/la-parodontite-un-danger-pour-vos-dents-et-pour-votre-sante\/\" target=\"_blank\" rel=\"noreferrer noopener\">maladies parodontales<\/a><\/strong>. Elle peut aussi causer des irritations, des <a href=\"https:\/\/www.dentalespace.com\/patient\/11-aphtes-htm\/\" target=\"_blank\" rel=\"noreferrer noopener\">aphtes<\/a> et favoriser les infections buccales.<\/p>\n\n\n\n<figure class=\"wp-block-image size-full is-resized\"><img loading=\"lazy\" decoding=\"async\" width=\"800\" height=\"443\" src=\"https:\/\/www.dentalespace.com\/patient\/wp-content\/uploads\/2025\/06\/Photos-GP-secheresse-buccale-mal-dents.webp\" alt=\"\" class=\"wp-image-4573\" style=\"width:856px;height:auto\" srcset=\"https:\/\/www.dentalespace.com\/patient\/wp-content\/uploads\/2025\/06\/Photos-GP-secheresse-buccale-mal-dents.webp 800w, https:\/\/www.dentalespace.com\/patient\/wp-content\/uploads\/2025\/06\/Photos-GP-secheresse-buccale-mal-dents-300x166.webp 300w, https:\/\/www.dentalespace.com\/patient\/wp-content\/uploads\/2025\/06\/Photos-GP-secheresse-buccale-mal-dents-768x425.webp 768w, https:\/\/www.dentalespace.com\/patient\/wp-content\/uploads\/2025\/06\/Photos-GP-secheresse-buccale-mal-dents-610x338.webp 610w\" sizes=\"(max-width: 800px) 100vw, 800px\" \/><\/figure>\n\n\n\n<p><br>Au quotidien, elle complique souvent la mastication, l\u2019\u00e9locution et peut perturber le sommeil. Chez certaines personnes, cela peut aller jusqu\u2019\u00e0 une perte d\u2019app\u00e9tit et une d\u00e9nutrition, surtout chez les plus \u00e2g\u00e9s.<\/p>\n\n\n\n<p><\/p>\n\n\n\n<h2 class=\"wp-block-heading has-vivid-cyan-blue-color has-text-color has-link-color wp-elements-32ff7d130c5e09c394711aa47302afcc\">Quelles sont les causes ?<\/h2>\n\n\n\n<p>La s\u00e9cheresse buccale peut avoir de nombreuses causes, parmi lesquelles :<\/p>\n\n\n\n<ul class=\"wp-block-list\">\n<li><strong>Des maladies chroniques<\/strong> telles que le diab\u00e8te, la maladie d&rsquo;Alzheimer, la maladie de Parkinson, l\u2019insuffisance r\u00e9nale ou encore le VIH.<\/li>\n\n\n\n<li><strong>Certains traitements<\/strong>, comme la radioth\u00e9rapie, la chimioth\u00e9rapie ou la prise de m\u00e9dicaments tels que les antiparkinsoniens, les antid\u00e9presseurs ou les antalgiques, peuvent provoquer une s\u00e9cheresse buccale.<\/li>\n\n\n\n<li><strong>Le vieillissement naturel<\/strong>, qui peut entra\u00eener un fonctionnement moins efficace des glandes salivaires.<\/li>\n\n\n\n<li><strong>Le stress et l\u2019anxi\u00e9t\u00e9<\/strong>, susceptibles d\u2019alt\u00e9rer la production de salive.<\/li>\n\n\n\n<li><strong>La d\u00e9shydratation<\/strong> et la <strong>respiration par la bouche<\/strong>, qui sont \u00e9galement des causes fr\u00e9quentes.<\/li>\n<\/ul>\n\n\n\n<p><\/p>\n\n\n\n<h2 class=\"wp-block-heading has-vivid-cyan-blue-color has-text-color has-link-color wp-elements-eb634eee7e8a55880e24c90154b4768d\">Comment pr\u00e9venir la s\u00e9cheresse buccale ?<\/h2>\n\n\n\n<p>Adopter quelques habitudes simples peut aider \u00e0 pr\u00e9venir ou soulager la s\u00e9cheresse buccale. <strong>Boire de l\u2019eau r\u00e9guli\u00e8rement, m\u00eame sans soif, est essentiel<\/strong>. Il est aussi recommand\u00e9 d\u2019\u00e9viter le tabac, l\u2019alcool et la caf\u00e9ine, qui ass\u00e8chent la bouche. M\u00e2cher du chewing-gum sans sucre ou sucer des pastilles s ans sucre \u00e9galement, peut aider \u00e0 relancer la production de salive. Un humidificateur d\u2019air, surtout la nuit, peut aussi \u00eatre utile.<\/p>\n\n\n\n<p><br><strong>Une bonne hygi\u00e8ne bucco-dentaire est indispensable : brossage doux, dentifrice au fluor et fil dentaire<\/strong>. En cas de g\u00eane persistante, un <strong>substitut salivaire<\/strong> ou un avis m\u00e9dical peut \u00eatre n\u00e9cessaire.<\/p>\n\n\n\n<figure class=\"wp-block-image size-full is-resized\"><img loading=\"lazy\" decoding=\"async\" width=\"800\" height=\"443\" src=\"https:\/\/www.dentalespace.com\/patient\/wp-content\/uploads\/2025\/06\/Photos-GP-secheresse-buccale-brossage-dents.webp\" alt=\"\" class=\"wp-image-4571\" style=\"width:856px;height:auto\" srcset=\"https:\/\/www.dentalespace.com\/patient\/wp-content\/uploads\/2025\/06\/Photos-GP-secheresse-buccale-brossage-dents.webp 800w, https:\/\/www.dentalespace.com\/patient\/wp-content\/uploads\/2025\/06\/Photos-GP-secheresse-buccale-brossage-dents-300x166.webp 300w, https:\/\/www.dentalespace.com\/patient\/wp-content\/uploads\/2025\/06\/Photos-GP-secheresse-buccale-brossage-dents-768x425.webp 768w, https:\/\/www.dentalespace.com\/patient\/wp-content\/uploads\/2025\/06\/Photos-GP-secheresse-buccale-brossage-dents-610x338.webp 610w\" sizes=\"(max-width: 800px) 100vw, 800px\" \/><\/figure>\n\n\n\n<p><\/p>\n\n\n\n<h2 class=\"wp-block-heading has-vivid-cyan-blue-color has-text-color has-link-color wp-elements-0fa8b2efa9d8c0346ea18c3ffe42001a\">Conclusion<\/h2>\n\n\n\n<p>Bien qu\u2019elle puisse para\u00eetre anodine au d\u00e9but, la s\u00e9cheresse buccale peut avoir un impact important sur la sant\u00e9 en g\u00e9n\u00e9ral, et tout particuli\u00e8rement sur la sant\u00e9 bucco-dentaire. Une prise en charge pr\u00e9coce, alli\u00e9e \u00e0 une bonne hygi\u00e8ne de vie, permet souvent de soulager les sympt\u00f4mes et d\u2019\u00e9viter les complications. En cas de doute, il est toujours pr\u00e9f\u00e9rable de consulter un professionnel de sant\u00e9 pour \u00e9valuer la situation et envisager un traitement adapt\u00e9.<\/p>\n\n\n\n<p><\/p>\n\n\n\n<hr class=\"wp-block-separator has-alpha-channel-opacity\"\/>\n\n\n\n<p><strong>Cet article vous est propos\u00e9 par Dentalespace, pour en d\u00e9couvrir davantage,&nbsp;<a href=\"https:\/\/www.dentalespace.com\/patient\/\">cliquez ici<\/a>&nbsp;!<\/strong><\/p>\n","protected":false},"excerpt":{"rendered":"<p>La s\u00e9cheresse buccale ou x\u00e9rostomie est un trouble courant, en particulier chez les personnes \u00e2g\u00e9es ou celles atteintes de certaines maladies. Ce ph\u00e9nom\u00e8ne, souvent per\u00e7u comme un simple d\u00e9sagr\u00e9ment, peut en r\u00e9alit\u00e9 avoir des cons\u00e9quences importantes sur la sant\u00e9 bucco-dentaire s\u2019il n\u2019est pas correctement pris en charge. Qu\u2019est-ce que la s\u00e9cheresse buccale ? IL s&rsquo;agit [&hellip;]<\/p>\n","protected":false},"author":1,"featured_media":4583,"comment_status":"open","ping_status":"closed","sticky":false,"template":"","format":"standard","meta":{"_bbp_topic_count":0,"_bbp_reply_count":0,"_bbp_total_topic_count":0,"_bbp_total_reply_count":0,"_bbp_voice_count":0,"_bbp_anonymous_reply_count":0,"_bbp_topic_count_hidden":0,"_bbp_reply_count_hidden":0,"_bbp_forum_subforum_count":0,"_et_pb_use_builder":"off","_et_pb_old_content":"","_et_gb_content_width":"","footnotes":""},"categories":[14,18],"tags":[287,199,201,262,188,190],"class_list":["post-4567","post","type-post","status-publish","format-standard","has-post-thumbnail","hentry","category-actualites","category-soins-dentaires","tag-chirurgien-dentiste","tag-dent","tag-dents","tag-email","tag-prevention","tag-prevention-dentaire","et-has-post-format-content","et_post_format-et-post-format-standard"],"yoast_head":"<!-- This site is optimized with the Yoast SEO plugin v27.5 - https:\/\/yoast.com\/product\/yoast-seo-wordpress\/ -->\n<title>La s\u00e9cheresse buccale - Dentalespace<\/title>\n<meta name=\"description\" content=\"La s\u00e9cheresse buccale est un trouble courant, en particulier chez les personnes \u00e2g\u00e9es ou celles atteintes de certaines maladies.\" \/>\n<meta name=\"robots\" content=\"index, follow, max-snippet:-1, max-image-preview:large, max-video-preview:-1\" \/>\n<link rel=\"canonical\" href=\"https:\/\/www.dentalespace.com\/patient\/la-secheresse-buccale\/\" \/>\n<meta property=\"og:locale\" content=\"fr_FR\" \/>\n<meta property=\"og:type\" content=\"article\" \/>\n<meta property=\"og:title\" content=\"La s\u00e9cheresse buccale - Dentalespace\" \/>\n<meta property=\"og:description\" content=\"La s\u00e9cheresse buccale est un trouble courant, en particulier chez les personnes \u00e2g\u00e9es ou celles atteintes de certaines maladies.\" \/>\n<meta property=\"og:url\" content=\"https:\/\/www.dentalespace.com\/patient\/la-secheresse-buccale\/\" \/>\n<meta property=\"og:site_name\" content=\"Dentalespace\" \/>\n<meta property=\"article:publisher\" content=\"https:\/\/www.facebook.com\/dentalespacepro\/\" \/>\n<meta property=\"article:published_time\" content=\"2025-06-30T08:10:53+00:00\" \/>\n<meta property=\"article:modified_time\" content=\"2025-06-30T08:12:49+00:00\" \/>\n<meta property=\"og:image\" content=\"https:\/\/www.dentalespace.com\/patient\/wp-content\/uploads\/2025\/06\/Vignette-GP-secheresse-buccale-V3.jpg\" \/>\n\t<meta property=\"og:image:width\" content=\"350\" \/>\n\t<meta property=\"og:image:height\" content=\"220\" \/>\n\t<meta property=\"og:image:type\" content=\"image\/jpeg\" \/>\n<meta name=\"author\" content=\"Dentalespace\" \/>\n<meta name=\"twitter:card\" content=\"summary_large_image\" \/>\n<meta name=\"twitter:label1\" content=\"\u00c9crit par\" \/>\n\t<meta name=\"twitter:data1\" content=\"Dentalespace\" \/>\n\t<meta name=\"twitter:label2\" content=\"Dur\u00e9e de lecture estim\u00e9e\" \/>\n\t<meta name=\"twitter:data2\" content=\"4 minutes\" \/>\n<script type=\"application\/ld+json\" class=\"yoast-schema-graph\">{\"@context\":\"https:\\\/\\\/schema.org\",\"@graph\":[{\"@type\":\"Article\",\"@id\":\"https:\\\/\\\/www.dentalespace.com\\\/patient\\\/la-secheresse-buccale\\\/#article\",\"isPartOf\":{\"@id\":\"https:\\\/\\\/www.dentalespace.com\\\/patient\\\/la-secheresse-buccale\\\/\"},\"author\":{\"name\":\"Dentalespace\",\"@id\":\"https:\\\/\\\/www.dentalespace.com\\\/patient\\\/#\\\/schema\\\/person\\\/938f3c232493ea8c60bfd61b86814b89\"},\"headline\":\"La s\u00e9cheresse buccale\",\"datePublished\":\"2025-06-30T08:10:53+00:00\",\"dateModified\":\"2025-06-30T08:12:49+00:00\",\"mainEntityOfPage\":{\"@id\":\"https:\\\/\\\/www.dentalespace.com\\\/patient\\\/la-secheresse-buccale\\\/\"},\"wordCount\":609,\"commentCount\":0,\"publisher\":{\"@id\":\"https:\\\/\\\/www.dentalespace.com\\\/patient\\\/#organization\"},\"image\":{\"@id\":\"https:\\\/\\\/www.dentalespace.com\\\/patient\\\/la-secheresse-buccale\\\/#primaryimage\"},\"thumbnailUrl\":\"https:\\\/\\\/www.dentalespace.com\\\/patient\\\/wp-content\\\/uploads\\\/2025\\\/06\\\/Vignette-GP-secheresse-buccale-V3.jpg\",\"keywords\":[\"chirurgien-dentiste\",\"dent\",\"dents\",\"\u00e9mail\",\"pr\u00e9vention\",\"pr\u00e9vention dentaire\"],\"articleSection\":[\"Actualit\u00e9s\",\"Soins Dentaires\"],\"inLanguage\":\"fr-FR\",\"potentialAction\":[{\"@type\":\"CommentAction\",\"name\":\"Comment\",\"target\":[\"https:\\\/\\\/www.dentalespace.com\\\/patient\\\/la-secheresse-buccale\\\/#respond\"]}]},{\"@type\":\"WebPage\",\"@id\":\"https:\\\/\\\/www.dentalespace.com\\\/patient\\\/la-secheresse-buccale\\\/\",\"url\":\"https:\\\/\\\/www.dentalespace.com\\\/patient\\\/la-secheresse-buccale\\\/\",\"name\":\"La s\u00e9cheresse buccale - Dentalespace\",\"isPartOf\":{\"@id\":\"https:\\\/\\\/www.dentalespace.com\\\/patient\\\/#website\"},\"primaryImageOfPage\":{\"@id\":\"https:\\\/\\\/www.dentalespace.com\\\/patient\\\/la-secheresse-buccale\\\/#primaryimage\"},\"image\":{\"@id\":\"https:\\\/\\\/www.dentalespace.com\\\/patient\\\/la-secheresse-buccale\\\/#primaryimage\"},\"thumbnailUrl\":\"https:\\\/\\\/www.dentalespace.com\\\/patient\\\/wp-content\\\/uploads\\\/2025\\\/06\\\/Vignette-GP-secheresse-buccale-V3.jpg\",\"datePublished\":\"2025-06-30T08:10:53+00:00\",\"dateModified\":\"2025-06-30T08:12:49+00:00\",\"description\":\"La s\u00e9cheresse buccale est un trouble courant, en particulier chez les personnes \u00e2g\u00e9es ou celles atteintes de certaines maladies.\",\"inLanguage\":\"fr-FR\",\"potentialAction\":[{\"@type\":\"ReadAction\",\"target\":[\"https:\\\/\\\/www.dentalespace.com\\\/patient\\\/la-secheresse-buccale\\\/\"]}]},{\"@type\":\"ImageObject\",\"inLanguage\":\"fr-FR\",\"@id\":\"https:\\\/\\\/www.dentalespace.com\\\/patient\\\/la-secheresse-buccale\\\/#primaryimage\",\"url\":\"https:\\\/\\\/www.dentalespace.com\\\/patient\\\/wp-content\\\/uploads\\\/2025\\\/06\\\/Vignette-GP-secheresse-buccale-V3.jpg\",\"contentUrl\":\"https:\\\/\\\/www.dentalespace.com\\\/patient\\\/wp-content\\\/uploads\\\/2025\\\/06\\\/Vignette-GP-secheresse-buccale-V3.jpg\",\"width\":350,\"height\":220},{\"@type\":\"WebSite\",\"@id\":\"https:\\\/\\\/www.dentalespace.com\\\/patient\\\/#website\",\"url\":\"https:\\\/\\\/www.dentalespace.com\\\/patient\\\/\",\"name\":\"Dentalespace\",\"description\":\"Dentalespace Patient\",\"publisher\":{\"@id\":\"https:\\\/\\\/www.dentalespace.com\\\/patient\\\/#organization\"},\"potentialAction\":[{\"@type\":\"SearchAction\",\"target\":{\"@type\":\"EntryPoint\",\"urlTemplate\":\"https:\\\/\\\/www.dentalespace.com\\\/patient\\\/?s={search_term_string}\"},\"query-input\":{\"@type\":\"PropertyValueSpecification\",\"valueRequired\":true,\"valueName\":\"search_term_string\"}}],\"inLanguage\":\"fr-FR\"},{\"@type\":\"Organization\",\"@id\":\"https:\\\/\\\/www.dentalespace.com\\\/patient\\\/#organization\",\"name\":\"Dentalespace\",\"url\":\"https:\\\/\\\/www.dentalespace.com\\\/patient\\\/\",\"logo\":{\"@type\":\"ImageObject\",\"inLanguage\":\"fr-FR\",\"@id\":\"https:\\\/\\\/www.dentalespace.com\\\/patient\\\/#\\\/schema\\\/logo\\\/image\\\/\",\"url\":\"https:\\\/\\\/www.dentalespace.com\\\/patient\\\/wp-content\\\/uploads\\\/2017\\\/04\\\/sign_dentalespace-GP.png\",\"contentUrl\":\"https:\\\/\\\/www.dentalespace.com\\\/patient\\\/wp-content\\\/uploads\\\/2017\\\/04\\\/sign_dentalespace-GP.png\",\"width\":225,\"height\":51,\"caption\":\"Dentalespace\"},\"image\":{\"@id\":\"https:\\\/\\\/www.dentalespace.com\\\/patient\\\/#\\\/schema\\\/logo\\\/image\\\/\"},\"sameAs\":[\"https:\\\/\\\/www.facebook.com\\\/dentalespacepro\\\/\",\"https:\\\/\\\/www.instagram.com\\\/dentalespace\\\/\",\"https:\\\/\\\/www.youtube.com\\\/@dentalespace\",\"https:\\\/\\\/www.linkedin.com\\\/company\\\/dentalespace\\\/\",\"https:\\\/\\\/www.pinterest.com\\\/dentalespace\\\/\"]},{\"@type\":\"Person\",\"@id\":\"https:\\\/\\\/www.dentalespace.com\\\/patient\\\/#\\\/schema\\\/person\\\/938f3c232493ea8c60bfd61b86814b89\",\"name\":\"Dentalespace\",\"image\":{\"@type\":\"ImageObject\",\"inLanguage\":\"fr-FR\",\"@id\":\"https:\\\/\\\/secure.gravatar.com\\\/avatar\\\/f47d53b08b42eda8a27dde37efcefa17f2e4c01a6a388b3444b6121ef46a49b7?s=96&d=mm&r=g\",\"url\":\"https:\\\/\\\/secure.gravatar.com\\\/avatar\\\/f47d53b08b42eda8a27dde37efcefa17f2e4c01a6a388b3444b6121ef46a49b7?s=96&d=mm&r=g\",\"contentUrl\":\"https:\\\/\\\/secure.gravatar.com\\\/avatar\\\/f47d53b08b42eda8a27dde37efcefa17f2e4c01a6a388b3444b6121ef46a49b7?s=96&d=mm&r=g\",\"caption\":\"Dentalespace\"},\"url\":\"https:\\\/\\\/www.dentalespace.com\\\/patient\\\/author\\\/dentalespacepatient\\\/\"}]}<\/script>\n<!-- \/ Yoast SEO plugin. -->","yoast_head_json":{"title":"La s\u00e9cheresse buccale - Dentalespace","description":"La s\u00e9cheresse buccale est un trouble courant, en particulier chez les personnes \u00e2g\u00e9es ou celles atteintes de certaines maladies.","robots":{"index":"index","follow":"follow","max-snippet":"max-snippet:-1","max-image-preview":"max-image-preview:large","max-video-preview":"max-video-preview:-1"},"canonical":"https:\/\/www.dentalespace.com\/patient\/la-secheresse-buccale\/","og_locale":"fr_FR","og_type":"article","og_title":"La s\u00e9cheresse buccale - Dentalespace","og_description":"La s\u00e9cheresse buccale est un trouble courant, en particulier chez les personnes \u00e2g\u00e9es ou celles atteintes de certaines maladies.","og_url":"https:\/\/www.dentalespace.com\/patient\/la-secheresse-buccale\/","og_site_name":"Dentalespace","article_publisher":"https:\/\/www.facebook.com\/dentalespacepro\/","article_published_time":"2025-06-30T08:10:53+00:00","article_modified_time":"2025-06-30T08:12:49+00:00","og_image":[{"width":350,"height":220,"url":"https:\/\/www.dentalespace.com\/patient\/wp-content\/uploads\/2025\/06\/Vignette-GP-secheresse-buccale-V3.jpg","type":"image\/jpeg"}],"author":"Dentalespace","twitter_card":"summary_large_image","twitter_misc":{"\u00c9crit par":"Dentalespace","Dur\u00e9e de lecture estim\u00e9e":"4 minutes"},"schema":{"@context":"https:\/\/schema.org","@graph":[{"@type":"Article","@id":"https:\/\/www.dentalespace.com\/patient\/la-secheresse-buccale\/#article","isPartOf":{"@id":"https:\/\/www.dentalespace.com\/patient\/la-secheresse-buccale\/"},"author":{"name":"Dentalespace","@id":"https:\/\/www.dentalespace.com\/patient\/#\/schema\/person\/938f3c232493ea8c60bfd61b86814b89"},"headline":"La s\u00e9cheresse buccale","datePublished":"2025-06-30T08:10:53+00:00","dateModified":"2025-06-30T08:12:49+00:00","mainEntityOfPage":{"@id":"https:\/\/www.dentalespace.com\/patient\/la-secheresse-buccale\/"},"wordCount":609,"commentCount":0,"publisher":{"@id":"https:\/\/www.dentalespace.com\/patient\/#organization"},"image":{"@id":"https:\/\/www.dentalespace.com\/patient\/la-secheresse-buccale\/#primaryimage"},"thumbnailUrl":"https:\/\/www.dentalespace.com\/patient\/wp-content\/uploads\/2025\/06\/Vignette-GP-secheresse-buccale-V3.jpg","keywords":["chirurgien-dentiste","dent","dents","\u00e9mail","pr\u00e9vention","pr\u00e9vention dentaire"],"articleSection":["Actualit\u00e9s","Soins Dentaires"],"inLanguage":"fr-FR","potentialAction":[{"@type":"CommentAction","name":"Comment","target":["https:\/\/www.dentalespace.com\/patient\/la-secheresse-buccale\/#respond"]}]},{"@type":"WebPage","@id":"https:\/\/www.dentalespace.com\/patient\/la-secheresse-buccale\/","url":"https:\/\/www.dentalespace.com\/patient\/la-secheresse-buccale\/","name":"La s\u00e9cheresse buccale - Dentalespace","isPartOf":{"@id":"https:\/\/www.dentalespace.com\/patient\/#website"},"primaryImageOfPage":{"@id":"https:\/\/www.dentalespace.com\/patient\/la-secheresse-buccale\/#primaryimage"},"image":{"@id":"https:\/\/www.dentalespace.com\/patient\/la-secheresse-buccale\/#primaryimage"},"thumbnailUrl":"https:\/\/www.dentalespace.com\/patient\/wp-content\/uploads\/2025\/06\/Vignette-GP-secheresse-buccale-V3.jpg","datePublished":"2025-06-30T08:10:53+00:00","dateModified":"2025-06-30T08:12:49+00:00","description":"La s\u00e9cheresse buccale est un trouble courant, en particulier chez les personnes \u00e2g\u00e9es ou celles atteintes de certaines maladies.","inLanguage":"fr-FR","potentialAction":[{"@type":"ReadAction","target":["https:\/\/www.dentalespace.com\/patient\/la-secheresse-buccale\/"]}]},{"@type":"ImageObject","inLanguage":"fr-FR","@id":"https:\/\/www.dentalespace.com\/patient\/la-secheresse-buccale\/#primaryimage","url":"https:\/\/www.dentalespace.com\/patient\/wp-content\/uploads\/2025\/06\/Vignette-GP-secheresse-buccale-V3.jpg","contentUrl":"https:\/\/www.dentalespace.com\/patient\/wp-content\/uploads\/2025\/06\/Vignette-GP-secheresse-buccale-V3.jpg","width":350,"height":220},{"@type":"WebSite","@id":"https:\/\/www.dentalespace.com\/patient\/#website","url":"https:\/\/www.dentalespace.com\/patient\/","name":"Dentalespace","description":"Dentalespace Patient","publisher":{"@id":"https:\/\/www.dentalespace.com\/patient\/#organization"},"potentialAction":[{"@type":"SearchAction","target":{"@type":"EntryPoint","urlTemplate":"https:\/\/www.dentalespace.com\/patient\/?s={search_term_string}"},"query-input":{"@type":"PropertyValueSpecification","valueRequired":true,"valueName":"search_term_string"}}],"inLanguage":"fr-FR"},{"@type":"Organization","@id":"https:\/\/www.dentalespace.com\/patient\/#organization","name":"Dentalespace","url":"https:\/\/www.dentalespace.com\/patient\/","logo":{"@type":"ImageObject","inLanguage":"fr-FR","@id":"https:\/\/www.dentalespace.com\/patient\/#\/schema\/logo\/image\/","url":"https:\/\/www.dentalespace.com\/patient\/wp-content\/uploads\/2017\/04\/sign_dentalespace-GP.png","contentUrl":"https:\/\/www.dentalespace.com\/patient\/wp-content\/uploads\/2017\/04\/sign_dentalespace-GP.png","width":225,"height":51,"caption":"Dentalespace"},"image":{"@id":"https:\/\/www.dentalespace.com\/patient\/#\/schema\/logo\/image\/"},"sameAs":["https:\/\/www.facebook.com\/dentalespacepro\/","https:\/\/www.instagram.com\/dentalespace\/","https:\/\/www.youtube.com\/@dentalespace","https:\/\/www.linkedin.com\/company\/dentalespace\/","https:\/\/www.pinterest.com\/dentalespace\/"]},{"@type":"Person","@id":"https:\/\/www.dentalespace.com\/patient\/#\/schema\/person\/938f3c232493ea8c60bfd61b86814b89","name":"Dentalespace","image":{"@type":"ImageObject","inLanguage":"fr-FR","@id":"https:\/\/secure.gravatar.com\/avatar\/f47d53b08b42eda8a27dde37efcefa17f2e4c01a6a388b3444b6121ef46a49b7?s=96&d=mm&r=g","url":"https:\/\/secure.gravatar.com\/avatar\/f47d53b08b42eda8a27dde37efcefa17f2e4c01a6a388b3444b6121ef46a49b7?s=96&d=mm&r=g","contentUrl":"https:\/\/secure.gravatar.com\/avatar\/f47d53b08b42eda8a27dde37efcefa17f2e4c01a6a388b3444b6121ef46a49b7?s=96&d=mm&r=g","caption":"Dentalespace"},"url":"https:\/\/www.dentalespace.com\/patient\/author\/dentalespacepatient\/"}]}},"_links":{"self":[{"href":"https:\/\/www.dentalespace.com\/patient\/wp-json\/wp\/v2\/posts\/4567","targetHints":{"allow":["GET"]}}],"collection":[{"href":"https:\/\/www.dentalespace.com\/patient\/wp-json\/wp\/v2\/posts"}],"about":[{"href":"https:\/\/www.dentalespace.com\/patient\/wp-json\/wp\/v2\/types\/post"}],"author":[{"embeddable":true,"href":"https:\/\/www.dentalespace.com\/patient\/wp-json\/wp\/v2\/users\/1"}],"replies":[{"embeddable":true,"href":"https:\/\/www.dentalespace.com\/patient\/wp-json\/wp\/v2\/comments?post=4567"}],"version-history":[{"count":10,"href":"https:\/\/www.dentalespace.com\/patient\/wp-json\/wp\/v2\/posts\/4567\/revisions"}],"predecessor-version":[{"id":4592,"href":"https:\/\/www.dentalespace.com\/patient\/wp-json\/wp\/v2\/posts\/4567\/revisions\/4592"}],"wp:featuredmedia":[{"embeddable":true,"href":"https:\/\/www.dentalespace.com\/patient\/wp-json\/wp\/v2\/media\/4583"}],"wp:attachment":[{"href":"https:\/\/www.dentalespace.com\/patient\/wp-json\/wp\/v2\/media?parent=4567"}],"wp:term":[{"taxonomy":"category","embeddable":true,"href":"https:\/\/www.dentalespace.com\/patient\/wp-json\/wp\/v2\/categories?post=4567"},{"taxonomy":"post_tag","embeddable":true,"href":"https:\/\/www.dentalespace.com\/patient\/wp-json\/wp\/v2\/tags?post=4567"}],"curies":[{"name":"wp","href":"https:\/\/api.w.org\/{rel}","templated":true}]}}